{"id":63852,"date":"2025-05-28T00:20:30","date_gmt":"2025-05-28T06:20:30","guid":{"rendered":"https:\/\/politicosaldesnudo.com.mx\/?p=63852"},"modified":"2025-05-27T22:16:34","modified_gmt":"2025-05-28T04:16:34","slug":"gobierno-de-eu-pondra-fin-a-todos-sus-contratos-con-harvard","status":"publish","type":"post","link":"https:\/\/politicosaldesnudo.com.mx\/index.php\/2025\/05\/28\/gobierno-de-eu-pondra-fin-a-todos-sus-contratos-con-harvard\/","title":{"rendered":"Gobierno de EU pondr\u00e1 fin a todos sus contratos con Harvard"},"content":{"rendered":"<p class=\"nota-justify\">El gobierno de Estados Unidos prev\u00e9 cancelar todos los contratos restantes con Harvard, afirm\u00f3 este martes un alto cargo, en el \u00faltimo intento del presidente Donald Trump de obligar a la universidad a someterse a una supervisi\u00f3n sin precedentes.<\/p>\n<p class=\"nota-justify\">La administraci\u00f3n \u00abenviar\u00e1 hoy una carta a las agencias federales pidi\u00e9ndoles que identifiquen cualquier contrato con Harvard, y si pueden ser cancelados o redirigidos a otro lugar\u00bb, dijo la fuente que pidi\u00f3 mantener el anonimato.<\/p>\n<p class=\"nota-justify\">El fin de los contratos, que seg\u00fan los medios de comunicaci\u00f3n estadunidenses ascender\u00edan a 100 millones de d\u00f3lares, marcar\u00eda la ruptura de los lazos comerciales entre el gobierno y una instituci\u00f3n que es a la vez la universidad m\u00e1s antigua del pa\u00eds y una potencia mundial de la investigaci\u00f3n.<\/p>\n<p class=\"nota-justify\">La administraci\u00f3n de Trump acusa a la universidad de Cambridge de permitir el antisemitismo y promover valores liberales.<\/p>\n<p class=\"nota-justify\">Harvard no ha permitido que el gobierno controle la inscripci\u00f3n de estudiantes y la contrataci\u00f3n de profesores.<\/p>\n<p class=\"nota-justify\">En las \u00faltimas semanas, el basti\u00f3n educativo de \u00e9lite ha visto congelados miles de millones de d\u00f3lares en subvenciones. La administraci\u00f3n tambi\u00e9n intent\u00f3 poner fin a su capacidad de acoger a estudiantes extranjeros pero una sentencia judicial lo ha impedido.<\/p>\n<p class=\"nota-justify\">La universidad contraataca. Argumenta que las decisiones de Trump son inconstitucionales y paralizar\u00edan su capacidad de funcionamiento.<\/p>\n<p class=\"nota-justify\">El lunes Trump prometi\u00f3 seguir su lucha. En un mensaje en las redes sociales afirm\u00f3 que entre los estudiantes extranjeros de Harvard hab\u00eda \u00ablun\u00e1ticos radicalizados, alborotadores\u00bb.<\/p>\n<p class=\"nota-justify\">La semana pasada, la secretaria de Seguridad Interior, Kristi Noem, revoc\u00f3 la capacidad de Harvard para matricular a extranjeros, dejando en vilo el futuro de miles de estudiantes y el lucrativo flujo de ingresos que proporcionan.<\/p>\n<p class=\"nota-justify\">El mes pasado amenaz\u00f3 con bloquear la matr\u00edcula de estudiantes internacionales en la universidad a menos que \u00e9sta entregara los registros sobre las \u00abactividades ilegales y violentas\u00bb de los titulares de visados.<\/p>\n","protected":false},"excerpt":{"rendered":"<p>El gobierno de Estados Unidos prev\u00e9 cancelar todos los contratos restantes con Harvard, afirm\u00f3 este martes un alto cargo, en<\/p>\n","protected":false},"author":4,"featured_media":63853,"comment_status":"closed","ping_status":"closed","sticky":false,"template":"","format":"standard","meta":{"colormag_page_container_layout":"default_layout","colormag_page_sidebar_layout":"default_layout","_jetpack_memberships_contains_paid_content":false,"footnotes":"","jetpack_publicize_message":"","jetpack_publicize_feature_enabled":true,"jetpack_social_post_already_shared":false,"jetpack_social_options":{"image_generator_settings":{"template":"highway","default_image_id":0,"font":"","enabled":false},"version":2}},"categories":[28],"tags":[],"class_list":["post-63852","post","type-post","status-publish","format-standard","has-post-thumbnail","hentry","category-internacional"],"jetpack_publicize_connections":[],"jetpack_featured_media_url":"https:\/\/i0.wp.com\/politicosaldesnudo.com.mx\/wp-content\/uploads\/2025\/05\/HARV.jpg?fit=771%2C517&ssl=1","jetpack-related-posts":[],"jetpack_sharing_enabled":true,"_links":{"self":[{"href":"https:\/\/politicosaldesnudo.com.mx\/index.php\/wp-json\/wp\/v2\/posts\/63852","targetHints":{"allow":["GET"]}}],"collection":[{"href":"https:\/\/politicosaldesnudo.com.mx\/index.php\/wp-json\/wp\/v2\/posts"}],"about":[{"href":"https:\/\/politicosaldesnudo.com.mx\/index.php\/wp-json\/wp\/v2\/types\/post"}],"author":[{"embeddable":true,"href":"https:\/\/politicosaldesnudo.com.mx\/index.php\/wp-json\/wp\/v2\/users\/4"}],"replies":[{"embeddable":true,"href":"https:\/\/politicosaldesnudo.com.mx\/index.php\/wp-json\/wp\/v2\/comments?post=63852"}],"version-history":[{"count":0,"href":"https:\/\/politicosaldesnudo.com.mx\/index.php\/wp-json\/wp\/v2\/posts\/63852\/revisions"}],"wp:featuredmedia":[{"embeddable":true,"href":"https:\/\/politicosaldesnudo.com.mx\/index.php\/wp-json\/wp\/v2\/media\/63853"}],"wp:attachment":[{"href":"https:\/\/politicosaldesnudo.com.mx\/index.php\/wp-json\/wp\/v2\/media?parent=63852"}],"wp:term":[{"taxonomy":"category","embeddable":true,"href":"https:\/\/politicosaldesnudo.com.mx\/index.php\/wp-json\/wp\/v2\/categories?post=63852"},{"taxonomy":"post_tag","embeddable":true,"href":"https:\/\/politicosaldesnudo.com.mx\/index.php\/wp-json\/wp\/v2\/tags?post=63852"}],"curies":[{"name":"wp","href":"https:\/\/api.w.org\/{rel}","templated":true}]}}