{"id":63861,"date":"2025-05-28T00:21:50","date_gmt":"2025-05-28T06:21:50","guid":{"rendered":"https:\/\/politicosaldesnudo.com.mx\/?p=63861"},"modified":"2025-05-27T23:07:27","modified_gmt":"2025-05-28T05:07:27","slug":"carcel-para-el-rector","status":"publish","type":"post","link":"https:\/\/politicosaldesnudo.com.mx\/index.php\/2025\/05\/28\/carcel-para-el-rector\/","title":{"rendered":"\u00bfC\u00e1rcel para el rector?"},"content":{"rendered":"<ul>\n<li style=\"font-weight: 400;\"><strong>Al parecer ya le llamaron para decirle que le bajara dos rayitas<\/strong><\/li>\n<li style=\"font-weight: 400;\"><strong>Ten\u00eda 30 d\u00edas naturales para interponer una Controversia<\/strong><\/li>\n<li style=\"font-weight: 400;\"><strong>Por su omisi\u00f3n se ocasion\u00f3 un da\u00f1o al patrimonio\u00a0de\u00a0la\u00a0UV<\/strong><\/li>\n<\/ul>\n<p style=\"font-weight: 400;\"><strong>Por Miguel \u00c1ngel Cristiani G.<\/strong><\/p>\n<p style=\"font-weight: 400;\">Varias personas me han preguntado sobre la posibilidad de que el actual rector de la Universidad Veracruzana Mart\u00edn del Campo pueda ser reelecto.<\/p>\n<p style=\"font-weight: 400;\">Por su puesto que Mart\u00edn quiere, falta ver que lo dejen.<\/p>\n<p style=\"font-weight: 400;\">Luego de que ya andaba en plena campa\u00f1a electoral para ganar simpat\u00edas entre la comunidad universitaria, a la que ignor\u00f3 durante toda su administraci\u00f3n, al parecer ya le llamaron para decirle que le bajara dos rayitas y por eso es que ahora solamente se ha promovido en bailongos con la mism\u00edsima Sonora Santanera en el baile con maestros de FESAPAUV hasta conciertos al aire libre de la Sinf\u00f3nica de Xalapa en el barrio m\u00e1gico de Xallitic o la orquesta de Salsa en el edificio de la loma del estadio..<\/p>\n<p style=\"font-weight: 400;\">No se sabe a ciencia cierta, si adem\u00e1s de decirle que le bajara a sus intensiones de reelecci\u00f3n, tambi\u00e9n le explicaron que en caso de seguir montado en su campa\u00f1a electoral, dir\u00edan en mi pueblo, hasta a la c\u00e1rcel lo pueden meter.<\/p>\n<p style=\"font-weight: 400;\">Pancho L\u00f3pez, el fil\u00f3sofo ateniense xalape\u00f1o nos coment\u00f3 al respecto que el punto es que, despu\u00e9s de que Gobierno del Estado se neg\u00f3 a entregar a la UV el presupuesto del 4% de sus ingresos totales para ejercer en el 2025, la UV -encabezada por el rector como autoridad- ten\u00eda 30 d\u00edas naturales para interponer una Controversia Constitucional ante la Suprema Corte de Justicia de la Naci\u00f3n, el Rector Mart\u00edn del Campo, al igual que en el 2024, dejo pasar ese tiempo, pero incluso NO convoc\u00f3 en tiempo al Consejo Universitario General, para no correr el riesgo de que se le cuestionara\u00a0en\u00a0ese\u00a0sentido.<\/p>\n<p style=\"font-weight: 400;\">En el Consejo Universitario General (CUG) del 16 de diciembre del 2024 se inform\u00f3 la negativa de Gobierno del estado a entregar el 4%, y se comprometi\u00f3 a \u201crealizar todas las gestiones legales para obtener ese recurso\u201d, la fecha limite se venc\u00eda por ah\u00ed del 20 de enero del 2025 para interponer la denuncia ante el Tribunal Superior de Justicia de la Naci\u00f3n, y el Rector convoc\u00f3 a CUG hasta el 31 de marzo del 2025.<\/p>\n<p style=\"font-weight: 400;\">Lo mismo sucedi\u00f3 cuando el 11 de diciembre de 2023 en reuni\u00f3n del Consejo Universitario General CUG, se inform\u00f3 la negativa de Cuitl\u00e1huac para entregar el 4% del presupuesto; y convoco a la siguiente reuni\u00f3n del Consejo hasta el 22 de marzo de 2024. Ah\u00ed s\u00ed tambi\u00e9n la entonces Abogada General de la UV, Marisol Luna tuvo\u00a0responsabilidad.<\/p>\n<p style=\"font-weight: 400;\">Por ello es que, los acad\u00e9micos de la UV, o cualquier miembro de la comunidad, como terceros afectados, s\u00ed podr\u00edan interponer una demanda en contra del Rector Mart\u00edn Aguilar y de la exabogada General de la UV Marisol Luna, pues por omisi\u00f3n se ocasion\u00f3 un da\u00f1o al patrimonio\u00a0de\u00a0la\u00a0UV.<\/p>\n<p style=\"font-weight: 400;\">Y esa demanda la pueden interponer cualquier universitario, ya que todos resultan afectados por esos actos de omisi\u00f3n del rector Mart\u00edn Aguilar y su entonces abogada general de la UV, Marisol Luna quien estuvo en ese cargo desde el 13 de septiembre del 2021, fecha en que le entreg\u00f3 el nombramiento el rector, hasta el 11 de noviembre en que supuestamente, present\u00f3 su renuncia.<\/p>\n<p style=\"font-weight: 400;\">La pregunta es si ya le habr\u00e1n explicado y le\u00eddo la cartilla al empecinado Rector o har\u00e1 falta que alg\u00fan abogado conocedor del derecho se lo desglose.<\/p>\n<p style=\"font-weight: 400;\">Porque si hasta ahora Mart\u00edn se siente seguro por tener bajo control pol\u00edtico a un buen n\u00famero de consejeros universitarios y parte de la Junta de Gobierno, que al final de cuentas designar\u00e1 al nuevo rector, no se debe de confiar, porque la demanda ante la Suprema Corte de Justicia de la Naci\u00f3n ser\u00eda ya con los nuevos magistrados encargados de aplicar la ley y cualquier universitario puede interponerla.<\/p>\n<p style=\"font-weight: 400;\">Para m\u00e1s informaci\u00f3n consulta nuestra p\u00e1gina\u00a0<a href=\"https:\/\/www.xn--bitacoraspolticas-ovb.com\/\" data-saferedirecturl=\"https:\/\/www.google.com\/url?q=https:\/\/www.xn--bitacoraspolticas-ovb.com\/&amp;source=gmail&amp;ust=1748493394582000&amp;usg=AOvVaw3uqkmLcMjMWESp-wnsXnxH\">https:\/\/www.xn--bitacoraspolticas-ovb.com\/<\/a><\/p>\n<p><img data-recalc-dims=\"1\" loading=\"lazy\" decoding=\"async\" class=\"aligncenter size-full wp-image-63698\" src=\"https:\/\/i0.wp.com\/politicosaldesnudo.com.mx\/wp-content\/uploads\/2025\/05\/FIRMA-EDITORIAL-PD-9.jpg?resize=800%2C98&#038;ssl=1\" alt=\"\" width=\"800\" height=\"98\" srcset=\"https:\/\/i0.wp.com\/politicosaldesnudo.com.mx\/wp-content\/uploads\/2025\/05\/FIRMA-EDITORIAL-PD-9.jpg?w=1024&amp;ssl=1 1024w, https:\/\/i0.wp.com\/politicosaldesnudo.com.mx\/wp-content\/uploads\/2025\/05\/FIRMA-EDITORIAL-PD-9.jpg?resize=300%2C37&amp;ssl=1 300w, https:\/\/i0.wp.com\/politicosaldesnudo.com.mx\/wp-content\/uploads\/2025\/05\/FIRMA-EDITORIAL-PD-9.jpg?resize=768%2C94&amp;ssl=1 768w\" sizes=\"auto, (max-width: 800px) 100vw, 800px\" \/><\/p>\n","protected":false},"excerpt":{"rendered":"<p>Al parecer ya le llamaron para decirle que le bajara dos rayitas Ten\u00eda 30 d\u00edas naturales para interponer una Controversia<\/p>\n","protected":false},"author":4,"featured_media":46001,"comment_status":"closed","ping_status":"closed","sticky":false,"template":"","format":"standard","meta":{"colormag_page_container_layout":"default_layout","colormag_page_sidebar_layout":"default_layout","_jetpack_memberships_contains_paid_content":false,"footnotes":"","jetpack_publicize_message":"","jetpack_publicize_feature_enabled":true,"jetpack_social_post_already_shared":false,"jetpack_social_options":{"image_generator_settings":{"template":"highway","default_image_id":0,"font":"","enabled":false},"version":2}},"categories":[26],"tags":[],"class_list":["post-63861","post","type-post","status-publish","format-standard","has-post-thumbnail","hentry","category-columnistas"],"jetpack_publicize_connections":[],"jetpack_featured_media_url":"https:\/\/i0.wp.com\/politicosaldesnudo.com.mx\/wp-content\/uploads\/2024\/09\/RUBICA-2.jpg?fit=800%2C445&ssl=1","jetpack-related-posts":[],"jetpack_sharing_enabled":true,"_links":{"self":[{"href":"https:\/\/politicosaldesnudo.com.mx\/index.php\/wp-json\/wp\/v2\/posts\/63861","targetHints":{"allow":["GET"]}}],"collection":[{"href":"https:\/\/politicosaldesnudo.com.mx\/index.php\/wp-json\/wp\/v2\/posts"}],"about":[{"href":"https:\/\/politicosaldesnudo.com.mx\/index.php\/wp-json\/wp\/v2\/types\/post"}],"author":[{"embeddable":true,"href":"https:\/\/politicosaldesnudo.com.mx\/index.php\/wp-json\/wp\/v2\/users\/4"}],"replies":[{"embeddable":true,"href":"https:\/\/politicosaldesnudo.com.mx\/index.php\/wp-json\/wp\/v2\/comments?post=63861"}],"version-history":[{"count":0,"href":"https:\/\/politicosaldesnudo.com.mx\/index.php\/wp-json\/wp\/v2\/posts\/63861\/revisions"}],"wp:featuredmedia":[{"embeddable":true,"href":"https:\/\/politicosaldesnudo.com.mx\/index.php\/wp-json\/wp\/v2\/media\/46001"}],"wp:attachment":[{"href":"https:\/\/politicosaldesnudo.com.mx\/index.php\/wp-json\/wp\/v2\/media?parent=63861"}],"wp:term":[{"taxonomy":"category","embeddable":true,"href":"https:\/\/politicosaldesnudo.com.mx\/index.php\/wp-json\/wp\/v2\/categories?post=63861"},{"taxonomy":"post_tag","embeddable":true,"href":"https:\/\/politicosaldesnudo.com.mx\/index.php\/wp-json\/wp\/v2\/tags?post=63861"}],"curies":[{"name":"wp","href":"https:\/\/api.w.org\/{rel}","templated":true}]}}