{"id":63863,"date":"2025-05-28T00:22:03","date_gmt":"2025-05-28T06:22:03","guid":{"rendered":"https:\/\/politicosaldesnudo.com.mx\/?p=63863"},"modified":"2025-05-27T23:09:40","modified_gmt":"2025-05-28T05:09:40","slug":"el-privilegio-tiene-miedo-al-voto","status":"publish","type":"post","link":"https:\/\/politicosaldesnudo.com.mx\/index.php\/2025\/05\/28\/el-privilegio-tiene-miedo-al-voto\/","title":{"rendered":"\u201cEl privilegio tiene miedo al voto\u201d"},"content":{"rendered":"<p><em>\u201cQuien teme a los hombres no har\u00e1 nada por Dios.\u201d \u2013 San Ignacio de Loyola.<\/em><\/p>\n<p><strong>\u00a0<\/strong><\/p>\n<p><strong>En un pa\u00eds donde el Poder Judicial ha sido hist\u00f3ricamente una \u00e9lite cerrada e inaccesible, llamar a la ciudadan\u00eda a no votar en una eventual elecci\u00f3n de jueces y magistrados es, adem\u00e1s de absurdo, profundamente irresponsable.<\/strong><\/p>\n<p><strong>Algunos actores pol\u00edticos e intelectuales han emprendido una cruzada contra la propuesta del gobierno federal que plantea la elecci\u00f3n popular de ministros de la Suprema Corte de Justicia de la Naci\u00f3n (SCJN), recurriendo al boicot como herramienta de protesta.<\/strong><\/p>\n<p><strong>Pero lo que pretenden disfrazar como cr\u00edtica democr\u00e1tica, en realidad revela su apego al viejo sistema de privilegios.<\/strong><\/p>\n<p><strong>La iniciativa del actual r\u00e9gimen, a\u00fan por discutirse en el Congreso, puede ser perfectible, pero representa un primer intento serio por abrir uno de los poderes m\u00e1s opacos del Estado al escrutinio ciudadano.<\/strong><\/p>\n<p><strong>Negarse siquiera a participar en una posible consulta o elecci\u00f3n es, en los hechos, avalar el statu quo: ese modelo de cooptaci\u00f3n donde los nombramientos se reparten en c\u00fapulas, lejos del inter\u00e9s p\u00fablico.<\/strong><\/p>\n<p><strong>Invitar a no votar no impide el proceso, ni invalida su legitimidad. Solo asegura que una minor\u00eda \u2014la que s\u00ed participe\u2014 decida por todos.<\/strong><\/p>\n<p><strong>La abstenci\u00f3n no es una posici\u00f3n cr\u00edtica: es una renuncia anticipada. Es abdicar del derecho a exigir transparencia, perfiles adecuados y rendici\u00f3n de cuentas en uno de los poderes m\u00e1s importantes y menos vigilados.<\/strong><\/p>\n<p><strong>S\u00ed, la elecci\u00f3n popular de jueces plantea retos serios: desde el riesgo de politizaci\u00f3n hasta la tentaci\u00f3n populista. Pero el modelo actual tampoco ha garantizado justicia imparcial, pronta y expedita. M\u00e1s a\u00fan, ha demostrado ser profundamente clasista y protector de intereses econ\u00f3micos y pol\u00edticos. Cambiarlo es una necesidad, no un capricho.<\/strong><\/p>\n<p><strong>Lo responsable ser\u00eda discutir los t\u00e9rminos, mejorar los mecanismos, establecer filtros acad\u00e9micos y profesionales, garantizar autonom\u00eda y construir instituciones capaces de sostener una transici\u00f3n de este calibre. Pero llamar a la abstenci\u00f3n es negarse al debate. Es defender que todo siga igual.<\/strong><\/p>\n<p><strong>La cruzada contra el voto judicial no es una defensa de la democracia, sino una defensa del privilegio.<\/strong><\/p>\n<p><strong>Por eso, cuando los de siempre piden que no votes, lo hacen porque temen que por primera vez tu voz tenga peso, que tus decisiones cuenten, y que los muros que protegen su poder empiecen, por fin, a resquebrajarse.<\/strong><\/p>\n<p><strong>\u00a0<\/strong><\/p>\n<p><strong>Al tiempo.<\/strong><\/p>\n<p><img data-recalc-dims=\"1\" loading=\"lazy\" decoding=\"async\" class=\"aligncenter size-full wp-image-63698\" src=\"https:\/\/i0.wp.com\/politicosaldesnudo.com.mx\/wp-content\/uploads\/2025\/05\/FIRMA-EDITORIAL-PD-9.jpg?resize=800%2C98&#038;ssl=1\" alt=\"\" width=\"800\" height=\"98\" srcset=\"https:\/\/i0.wp.com\/politicosaldesnudo.com.mx\/wp-content\/uploads\/2025\/05\/FIRMA-EDITORIAL-PD-9.jpg?w=1024&amp;ssl=1 1024w, https:\/\/i0.wp.com\/politicosaldesnudo.com.mx\/wp-content\/uploads\/2025\/05\/FIRMA-EDITORIAL-PD-9.jpg?resize=300%2C37&amp;ssl=1 300w, https:\/\/i0.wp.com\/politicosaldesnudo.com.mx\/wp-content\/uploads\/2025\/05\/FIRMA-EDITORIAL-PD-9.jpg?resize=768%2C94&amp;ssl=1 768w\" sizes=\"auto, (max-width: 800px) 100vw, 800px\" \/><\/p>\n","protected":false},"excerpt":{"rendered":"<p>\u201cQuien teme a los hombres no har\u00e1 nada por Dios.\u201d \u2013 San Ignacio de Loyola. \u00a0 En un pa\u00eds donde<\/p>\n","protected":false},"author":4,"featured_media":36965,"comment_status":"closed","ping_status":"closed","sticky":false,"template":"","format":"standard","meta":{"colormag_page_container_layout":"default_layout","colormag_page_sidebar_layout":"default_layout","_jetpack_memberships_contains_paid_content":false,"footnotes":"","jetpack_publicize_message":"","jetpack_publicize_feature_enabled":true,"jetpack_social_post_already_shared":false,"jetpack_social_options":{"image_generator_settings":{"template":"highway","default_image_id":0,"font":"","enabled":false},"version":2}},"categories":[26],"tags":[],"class_list":["post-63863","post","type-post","status-publish","format-standard","has-post-thumbnail","hentry","category-columnistas"],"jetpack_publicize_connections":[],"jetpack_featured_media_url":"https:\/\/i0.wp.com\/politicosaldesnudo.com.mx\/wp-content\/uploads\/2024\/05\/LUIS-RAMIREZ-BAQUEIRO.jpg?fit=800%2C445&ssl=1","jetpack-related-posts":[],"jetpack_sharing_enabled":true,"_links":{"self":[{"href":"https:\/\/politicosaldesnudo.com.mx\/index.php\/wp-json\/wp\/v2\/posts\/63863","targetHints":{"allow":["GET"]}}],"collection":[{"href":"https:\/\/politicosaldesnudo.com.mx\/index.php\/wp-json\/wp\/v2\/posts"}],"about":[{"href":"https:\/\/politicosaldesnudo.com.mx\/index.php\/wp-json\/wp\/v2\/types\/post"}],"author":[{"embeddable":true,"href":"https:\/\/politicosaldesnudo.com.mx\/index.php\/wp-json\/wp\/v2\/users\/4"}],"replies":[{"embeddable":true,"href":"https:\/\/politicosaldesnudo.com.mx\/index.php\/wp-json\/wp\/v2\/comments?post=63863"}],"version-history":[{"count":0,"href":"https:\/\/politicosaldesnudo.com.mx\/index.php\/wp-json\/wp\/v2\/posts\/63863\/revisions"}],"wp:featuredmedia":[{"embeddable":true,"href":"https:\/\/politicosaldesnudo.com.mx\/index.php\/wp-json\/wp\/v2\/media\/36965"}],"wp:attachment":[{"href":"https:\/\/politicosaldesnudo.com.mx\/index.php\/wp-json\/wp\/v2\/media?parent=63863"}],"wp:term":[{"taxonomy":"category","embeddable":true,"href":"https:\/\/politicosaldesnudo.com.mx\/index.php\/wp-json\/wp\/v2\/categories?post=63863"},{"taxonomy":"post_tag","embeddable":true,"href":"https:\/\/politicosaldesnudo.com.mx\/index.php\/wp-json\/wp\/v2\/tags?post=63863"}],"curies":[{"name":"wp","href":"https:\/\/api.w.org\/{rel}","templated":true}]}}