{"id":63871,"date":"2025-05-28T20:53:36","date_gmt":"2025-05-29T02:53:36","guid":{"rendered":"https:\/\/politicosaldesnudo.com.mx\/?p=63871"},"modified":"2025-05-28T20:53:36","modified_gmt":"2025-05-29T02:53:36","slug":"consejo-municipal-de-pc-declara-sesion-permanente-ante-temporada-de-lluvias-y-huracanes","status":"publish","type":"post","link":"https:\/\/politicosaldesnudo.com.mx\/index.php\/2025\/05\/28\/consejo-municipal-de-pc-declara-sesion-permanente-ante-temporada-de-lluvias-y-huracanes\/","title":{"rendered":"Consejo Municipal de PC declara sesi\u00f3n permanente ante temporada de lluvias y huracanes"},"content":{"rendered":"<p>Ante el inicio oficial de la Temporada de Lluvias y Ciclones Tropicales 2025 se declar\u00f3 abierta la Sesi\u00f3n Permanente del Consejo Municipal de Protecci\u00f3n Civil, como medida preventiva para atender posibles emergencias derivadas de fen\u00f3menos hidrometeorol\u00f3gicos.<\/p>\n<p><img data-recalc-dims=\"1\" loading=\"lazy\" decoding=\"async\" class=\"aligncenter size-large wp-image-63874\" src=\"https:\/\/i0.wp.com\/politicosaldesnudo.com.mx\/wp-content\/uploads\/2025\/05\/WhatsApp-Image-2025-05-28-at-13.50.05-1024x541.jpeg?resize=800%2C423&#038;ssl=1\" alt=\"\" width=\"800\" height=\"423\" srcset=\"https:\/\/i0.wp.com\/politicosaldesnudo.com.mx\/wp-content\/uploads\/2025\/05\/WhatsApp-Image-2025-05-28-at-13.50.05.jpeg?resize=1024%2C541&amp;ssl=1 1024w, https:\/\/i0.wp.com\/politicosaldesnudo.com.mx\/wp-content\/uploads\/2025\/05\/WhatsApp-Image-2025-05-28-at-13.50.05.jpeg?resize=300%2C158&amp;ssl=1 300w, https:\/\/i0.wp.com\/politicosaldesnudo.com.mx\/wp-content\/uploads\/2025\/05\/WhatsApp-Image-2025-05-28-at-13.50.05.jpeg?resize=768%2C406&amp;ssl=1 768w, https:\/\/i0.wp.com\/politicosaldesnudo.com.mx\/wp-content\/uploads\/2025\/05\/WhatsApp-Image-2025-05-28-at-13.50.05.jpeg?resize=1536%2C811&amp;ssl=1 1536w, https:\/\/i0.wp.com\/politicosaldesnudo.com.mx\/wp-content\/uploads\/2025\/05\/WhatsApp-Image-2025-05-28-at-13.50.05.jpeg?resize=390%2C205&amp;ssl=1 390w, https:\/\/i0.wp.com\/politicosaldesnudo.com.mx\/wp-content\/uploads\/2025\/05\/WhatsApp-Image-2025-05-28-at-13.50.05.jpeg?w=1600&amp;ssl=1 1600w\" sizes=\"auto, (max-width: 800px) 100vw, 800px\" \/><\/p>\n<p>Durante la reuni\u00f3n se establecieron acciones para que de manera coordinada los tres niveles de gobierno trabajen en la protecci\u00f3n de la vida, la integridad y la salud de la poblaci\u00f3n, principalmente de los grupos vulnerables.<\/p>\n<p>El director de Protecci\u00f3n Civil, Ing. Jos\u00e9 Ren\u00e9 T\u00e9llez Medina, present\u00f3 un plan de acci\u00f3n y dio a conocer la ubicaci\u00f3n de los diversos refugios temporales en zonas urbanas y rurales.<\/p>\n<p>Cabe mencionar que la temporada de ciclones tropicales inicia el primero de junio en el Atl\u00e1ntico.<\/p>\n<p>La sesi\u00f3n estuvo encabezada por el alcalde Dr. Jes\u00fas Fomperoza Torres; el vicealmirante C.G. DEM. Benito Armando Galeana Abarca, comandante de la Fuerza Naval del Golfo; el Tte. coronel de Infanter\u00eda Israel Pacheco L\u00f3pez, de la 19\u00aa Zona Militar; el Cap. Nav. Maximino Galindo Mar\u00edn, del Sector Naval de Tuxpan; el Cap. Nav. C.G. DEM. Rub\u00e9n Eusebio Mendoza Salazar.<\/p>\n<p><img data-recalc-dims=\"1\" loading=\"lazy\" decoding=\"async\" class=\"aligncenter size-large wp-image-63872\" src=\"https:\/\/i0.wp.com\/politicosaldesnudo.com.mx\/wp-content\/uploads\/2025\/05\/WhatsApp-Image-2025-05-28-at-13.50.04-1-1024x550.jpeg?resize=800%2C430&#038;ssl=1\" alt=\"\" width=\"800\" height=\"430\" srcset=\"https:\/\/i0.wp.com\/politicosaldesnudo.com.mx\/wp-content\/uploads\/2025\/05\/WhatsApp-Image-2025-05-28-at-13.50.04-1.jpeg?resize=1024%2C550&amp;ssl=1 1024w, https:\/\/i0.wp.com\/politicosaldesnudo.com.mx\/wp-content\/uploads\/2025\/05\/WhatsApp-Image-2025-05-28-at-13.50.04-1.jpeg?resize=300%2C161&amp;ssl=1 300w, https:\/\/i0.wp.com\/politicosaldesnudo.com.mx\/wp-content\/uploads\/2025\/05\/WhatsApp-Image-2025-05-28-at-13.50.04-1.jpeg?resize=768%2C412&amp;ssl=1 768w, https:\/\/i0.wp.com\/politicosaldesnudo.com.mx\/wp-content\/uploads\/2025\/05\/WhatsApp-Image-2025-05-28-at-13.50.04-1.jpeg?resize=1536%2C825&amp;ssl=1 1536w, https:\/\/i0.wp.com\/politicosaldesnudo.com.mx\/wp-content\/uploads\/2025\/05\/WhatsApp-Image-2025-05-28-at-13.50.04-1.jpeg?w=1600&amp;ssl=1 1600w\" sizes=\"auto, (max-width: 800px) 100vw, 800px\" \/><\/p>\n<p>El titular de la Estaci\u00f3n Tuxpan de la Guardia Nacional, Gabriel Josmar Damas Paz; Jos\u00e9 Maurilio Gonz\u00e1lez Guti\u00e9rrez, de la delegaci\u00f3n de Transporte P\u00fablico del Estado; Lic. C\u00e9sar Augusto Olazar\u00e1n Acevedo, enlace regional Tuxpan de PC en el estado.<\/p>\n<p>Asimismo, la s\u00edndica \u00fanica Lic. Lidia de Jes\u00fas Santiago Hern\u00e1ndez; las regidoras y los regidores Amado Guti\u00e9rrez Lima, comisionado en Protecci\u00f3n Civil; Mar\u00eda del Pilar Mart\u00ednez Matesanz, Anah\u00ed Aguilar L\u00f3pez, Lucero Res\u00e9ndis Ambrocio, Luis Demetrio L\u00f3pez Mar\u00edn y el Lic. Heriberto del \u00c1ngel Cruz, en representaci\u00f3n de la Regidur\u00eda Octava.<\/p>\n<p>Participaron tambi\u00e9n el Cap. Frag. I.M.P. Guillermo Al\u00e1n V\u00e1zquez Guti\u00e9rrez, secretario de Seguridad P\u00fablica Municipal; el Lic. Federico Zamora Casanova, secretario del Ayuntamiento; el Lic. Juan Pablo Alc\u00e1ntar, secretario t\u00e9cnico; y representantes de los diversos hospitales de la ciudad; guardavidas, agentes y subagentes municipales.<\/p>\n","protected":false},"excerpt":{"rendered":"<p>Ante el inicio oficial de la Temporada de Lluvias y Ciclones Tropicales 2025 se declar\u00f3 abierta la Sesi\u00f3n Permanente del<\/p>\n","protected":false},"author":4,"featured_media":63873,"comment_status":"closed","ping_status":"closed","sticky":false,"template":"","format":"standard","meta":{"colormag_page_container_layout":"default_layout","colormag_page_sidebar_layout":"default_layout","_jetpack_memberships_contains_paid_content":false,"footnotes":"","jetpack_publicize_message":"","jetpack_publicize_feature_enabled":true,"jetpack_social_post_already_shared":false,"jetpack_social_options":{"image_generator_settings":{"template":"highway","default_image_id":0,"font":"","enabled":false},"version":2}},"categories":[3205,1082],"tags":[],"class_list":["post-63871","post","type-post","status-publish","format-standard","has-post-thumbnail","hentry","category-gobierno-tuxpan","category-tuxpan"],"jetpack_publicize_connections":[],"jetpack_featured_media_url":"https:\/\/i0.wp.com\/politicosaldesnudo.com.mx\/wp-content\/uploads\/2025\/05\/WhatsApp-Image-2025-05-28-at-13.50.04.jpeg?fit=1600%2C1100&ssl=1","jetpack-related-posts":[],"jetpack_sharing_enabled":true,"_links":{"self":[{"href":"https:\/\/politicosaldesnudo.com.mx\/index.php\/wp-json\/wp\/v2\/posts\/63871","targetHints":{"allow":["GET"]}}],"collection":[{"href":"https:\/\/politicosaldesnudo.com.mx\/index.php\/wp-json\/wp\/v2\/posts"}],"about":[{"href":"https:\/\/politicosaldesnudo.com.mx\/index.php\/wp-json\/wp\/v2\/types\/post"}],"author":[{"embeddable":true,"href":"https:\/\/politicosaldesnudo.com.mx\/index.php\/wp-json\/wp\/v2\/users\/4"}],"replies":[{"embeddable":true,"href":"https:\/\/politicosaldesnudo.com.mx\/index.php\/wp-json\/wp\/v2\/comments?post=63871"}],"version-history":[{"count":0,"href":"https:\/\/politicosaldesnudo.com.mx\/index.php\/wp-json\/wp\/v2\/posts\/63871\/revisions"}],"wp:featuredmedia":[{"embeddable":true,"href":"https:\/\/politicosaldesnudo.com.mx\/index.php\/wp-json\/wp\/v2\/media\/63873"}],"wp:attachment":[{"href":"https:\/\/politicosaldesnudo.com.mx\/index.php\/wp-json\/wp\/v2\/media?parent=63871"}],"wp:term":[{"taxonomy":"category","embeddable":true,"href":"https:\/\/politicosaldesnudo.com.mx\/index.php\/wp-json\/wp\/v2\/categories?post=63871"},{"taxonomy":"post_tag","embeddable":true,"href":"https:\/\/politicosaldesnudo.com.mx\/index.php\/wp-json\/wp\/v2\/tags?post=63871"}],"curies":[{"name":"wp","href":"https:\/\/api.w.org\/{rel}","templated":true}]}}