{"id":63909,"date":"2025-05-29T00:15:49","date_gmt":"2025-05-29T06:15:49","guid":{"rendered":"https:\/\/politicosaldesnudo.com.mx\/?p=63909"},"modified":"2025-05-28T22:01:44","modified_gmt":"2025-05-29T04:01:44","slug":"inicia-campana-nos-movemos-seguras-en-edomex","status":"publish","type":"post","link":"https:\/\/politicosaldesnudo.com.mx\/index.php\/2025\/05\/29\/inicia-campana-nos-movemos-seguras-en-edomex\/","title":{"rendered":"Inicia campa\u00f1a \u00abNos Movemos Seguras\u00bb en Edomex"},"content":{"rendered":"<p class=\"nota-justify\">Autoridades estatales pusieron el marcha la campa\u00f1a\u00a0Nos Movemos Seguras\u00a0y su protocolo de actuaci\u00f3n, a fin de prevenir y dar atenci\u00f3n a los casos de acoso sexual contra las mujeres en el transporte p\u00fablico mexiquense.<\/p>\n<p class=\"nota-justify\">Seg\u00fan cifras de las autoridades, en el estado de M\u00e9xico un 85.8 de las mujeres se siente insegura en el transporte p\u00fablico; mientras que el 25 por ciento fue v\u00edctima de alg\u00fan tipo de violencia en el transporte.<\/p>\n<p class=\"nota-justify\">La gobernadora mexiquense, Delfina G\u00f3mez \u00c1lvarez, encabez\u00f3 el arranque del programa, en las instalaciones de la terminal del Mexib\u00fas de la l\u00ednea 4, que corre de Tec\u00e1mac hacia Indios Verdes.<\/p>\n<p class=\"nota-justify\">La campa\u00f1a implica tanto la prevenci\u00f3n del acoso como la atenci\u00f3n y apoyo a las v\u00edctimas, adem\u00e1s de promover la denuncia y el acceso a la justicia y contemplan, entre otras cosas la colocaci\u00f3n de calcoman\u00edas, en las unidades del Mexib\u00fas y combis de transporte de las diversas rutas.<\/p>\n<p class=\"nota-justify\">\u201cSi una mujer es v\u00edctima de acoso puede acudir al operador, puede llamar al 911, el operador tiene la obligaci\u00f3n de detener la unidad en un lugar seguro e informar al centro de control y registrar los datos del agresor y las autoridades coordinadas a trav\u00e9s del C5 se movilizan r\u00e1pidamente para atender a la v\u00edctima y asegurar que pueda acceder accesar a la justicia\u201d.<\/p>\n<p class=\"nota-justify\">\u201cAdem\u00e1s estamos tomando medidas preventivas asignando asientos especiales para mujeres y limitando el acceso de personas en estado agresivo; tambi\u00e9n vamos a sensibilizar y educar para que todos sepan que es el acoso, c\u00f3mo reconocerlo, c\u00f3mo denunciarlo y cu\u00e1les son las sanciones\u201d, dijo.<\/p>\n<p class=\"nota-justify\">Reconoci\u00f3 que la violencia y la desigualdad requieren programas integrales que atiendan las causas que las generan por lo que se est\u00e1 trabajando en todos los frentes.<\/p>\n<p class=\"nota-justify\">Destac\u00f3 que se ha logrado reducir los feminicidios y la violencia familiar en ocho por ciento y la corrupci\u00f3n de menores en 39 por ciento. \u201cSin embargo estos datos lamentablemente todav\u00eda no cubren la totalidad de las necesidades que tiene nuestro gobierno del estado y por eso seguiremos en coordinaci\u00f3n con las autoridades correspondientes haciendo lo m\u00e1s humanamente posible el que se puede radicar estos actos\u201d.<\/p>\n<p class=\"nota-justify\">Por su parte, la titular de la Secretar\u00eda de la mujer estatal, M\u00f3nica Ch\u00e1vez Dur\u00e1n, se\u00f1al\u00f3 que seg\u00fan la encuesta nacional de seguridad urbana del 2025 el estado de M\u00e9xico ocupa el segundo lugar en prevalencia de violencia comunitaria, s\u00f3lo despu\u00e9s de la Ciudad de M\u00e9xico, es decir 6 de cada 10 mujeres sufri\u00f3 alg\u00fan tipo de violencia en el \u00e1mbito comunitario, siendo el autob\u00fas o microb\u00fas el lugar con mayor prevalencia.<\/p>\n<p class=\"nota-justify\">\u201cEn cuanto al acoso sexual en el transporte p\u00fablico a nivel nacional el 96 por ciento de las mujeres fueron v\u00edctimas de alg\u00fan acto de violencia en el transporte p\u00fablico por lo menos una vez en su vida\u201d, refiri\u00f3.<\/p>\n<p class=\"nota-justify\">En tanto, el titular de Movilidad mexiquense, Daniel Sibaja, indic\u00f3 que la secretar\u00eda que encabeza y la de Mujeres suman esfuerzos con diversas instituciones estatales, organismos aut\u00f3nomos y agencias internacionales para implementar pol\u00edticas que activamente conviertan el transporte p\u00fablico en espacios libres de violencia y seguros. Se trata, agreg\u00f3, de garantizar a las mujeres su derecho a la movilidad.<\/p>\n","protected":false},"excerpt":{"rendered":"<p>Autoridades estatales pusieron el marcha la campa\u00f1a\u00a0Nos Movemos Seguras\u00a0y su protocolo de actuaci\u00f3n, a fin de prevenir y dar atenci\u00f3n<\/p>\n","protected":false},"author":4,"featured_media":63910,"comment_status":"closed","ping_status":"closed","sticky":false,"template":"","format":"standard","meta":{"colormag_page_container_layout":"default_layout","colormag_page_sidebar_layout":"default_layout","_jetpack_memberships_contains_paid_content":false,"footnotes":"","jetpack_publicize_message":"","jetpack_publicize_feature_enabled":true,"jetpack_social_post_already_shared":false,"jetpack_social_options":{"image_generator_settings":{"template":"highway","default_image_id":0,"font":"","enabled":false},"version":2}},"categories":[30],"tags":[],"class_list":["post-63909","post","type-post","status-publish","format-standard","has-post-thumbnail","hentry","category-estados"],"jetpack_publicize_connections":[],"jetpack_featured_media_url":"https:\/\/i0.wp.com\/politicosaldesnudo.com.mx\/wp-content\/uploads\/2025\/05\/SEC.jpg?fit=752%2C528&ssl=1","jetpack-related-posts":[],"jetpack_sharing_enabled":true,"_links":{"self":[{"href":"https:\/\/politicosaldesnudo.com.mx\/index.php\/wp-json\/wp\/v2\/posts\/63909","targetHints":{"allow":["GET"]}}],"collection":[{"href":"https:\/\/politicosaldesnudo.com.mx\/index.php\/wp-json\/wp\/v2\/posts"}],"about":[{"href":"https:\/\/politicosaldesnudo.com.mx\/index.php\/wp-json\/wp\/v2\/types\/post"}],"author":[{"embeddable":true,"href":"https:\/\/politicosaldesnudo.com.mx\/index.php\/wp-json\/wp\/v2\/users\/4"}],"replies":[{"embeddable":true,"href":"https:\/\/politicosaldesnudo.com.mx\/index.php\/wp-json\/wp\/v2\/comments?post=63909"}],"version-history":[{"count":0,"href":"https:\/\/politicosaldesnudo.com.mx\/index.php\/wp-json\/wp\/v2\/posts\/63909\/revisions"}],"wp:featuredmedia":[{"embeddable":true,"href":"https:\/\/politicosaldesnudo.com.mx\/index.php\/wp-json\/wp\/v2\/media\/63910"}],"wp:attachment":[{"href":"https:\/\/politicosaldesnudo.com.mx\/index.php\/wp-json\/wp\/v2\/media?parent=63909"}],"wp:term":[{"taxonomy":"category","embeddable":true,"href":"https:\/\/politicosaldesnudo.com.mx\/index.php\/wp-json\/wp\/v2\/categories?post=63909"},{"taxonomy":"post_tag","embeddable":true,"href":"https:\/\/politicosaldesnudo.com.mx\/index.php\/wp-json\/wp\/v2\/tags?post=63909"}],"curies":[{"name":"wp","href":"https:\/\/api.w.org\/{rel}","templated":true}]}}