{"id":63912,"date":"2025-05-29T00:16:48","date_gmt":"2025-05-29T06:16:48","guid":{"rendered":"https:\/\/politicosaldesnudo.com.mx\/?p=63912"},"modified":"2025-05-28T22:03:00","modified_gmt":"2025-05-29T04:03:00","slug":"baja-california-entre-los-cinco-estados-con-menor-informalidad-laboral-inegi","status":"publish","type":"post","link":"https:\/\/politicosaldesnudo.com.mx\/index.php\/2025\/05\/29\/baja-california-entre-los-cinco-estados-con-menor-informalidad-laboral-inegi\/","title":{"rendered":"Baja California, entre los cinco estados con menor informalidad laboral: Inegi"},"content":{"rendered":"<p class=\"nota-justify\">Un tercio de la poblaci\u00f3n que cuenta con empleo en Baja California se encuentra en la informalidad laboral, de acuerdo al Instituto Nacional de Estad\u00edstica y Geograf\u00eda (INEGI).<\/p>\n<p class=\"nota-justify\">La tasa de informalidad laboral se ubic\u00f3 en 37.2 por ciento en el periodo de enero a marzo de 2025.<\/p>\n<p class=\"nota-justify\">Se trata de trabajadores por cuenta propia, temporales o empleados dom\u00e9sticos o en empresas y comercios peque\u00f1os que carecen de protecci\u00f3n social, seguridad laboral y prestaciones reguladas por ley.<\/p>\n<p class=\"nota-justify\">Aun as\u00ed, Baja California es uno de los cinco estados que registraron los niveles m\u00e1s bajos de informalidad laboral, solo despu\u00e9s de Chihuahua (33.6 por ciento), Coahuila (33.1 por ciento) y Nuevo Le\u00f3n (32.5 por ciento).<\/p>\n<p class=\"nota-justify\">Los niveles m\u00e1s altos de informalidad laboral en el pa\u00eds, se\u00f1ala la Encuesta Nacional de Ocupaci\u00f3n y Empleo, se presentaron en Guerrero (76.5 por ciento), Oaxaca (76.3 por ciento) y Chiapas (76 por ciento).<\/p>\n<p class=\"nota-justify\">En Baja California hay un mill\u00f3n 800 mil personas econ\u00f3micamente activas.<\/p>\n<p class=\"nota-justify\">En el \u00faltimo a\u00f1o, 18 mil personas perdieron su puesto de trabajo, la mayor\u00eda de ellas en comercios, por lo que a nivel estatal hay 39 mil personas desocupadas, cifra similar a la poblaci\u00f3n subocupada, aquella que trabaja menos horas de las requiere para su manutenci\u00f3n o con un puesto inferior a su perfil laboral.<\/p>\n","protected":false},"excerpt":{"rendered":"<p>Un tercio de la poblaci\u00f3n que cuenta con empleo en Baja California se encuentra en la informalidad laboral, de acuerdo<\/p>\n","protected":false},"author":4,"featured_media":63913,"comment_status":"closed","ping_status":"closed","sticky":false,"template":"","format":"standard","meta":{"colormag_page_container_layout":"default_layout","colormag_page_sidebar_layout":"default_layout","_jetpack_memberships_contains_paid_content":false,"footnotes":"","jetpack_publicize_message":"","jetpack_publicize_feature_enabled":true,"jetpack_social_post_already_shared":false,"jetpack_social_options":{"image_generator_settings":{"template":"highway","default_image_id":0,"font":"","enabled":false},"version":2}},"categories":[30],"tags":[],"class_list":["post-63912","post","type-post","status-publish","format-standard","has-post-thumbnail","hentry","category-estados"],"jetpack_publicize_connections":[],"jetpack_featured_media_url":"https:\/\/i0.wp.com\/politicosaldesnudo.com.mx\/wp-content\/uploads\/2025\/05\/BAJAC.jpg?fit=766%2C509&ssl=1","jetpack-related-posts":[],"jetpack_sharing_enabled":true,"_links":{"self":[{"href":"https:\/\/politicosaldesnudo.com.mx\/index.php\/wp-json\/wp\/v2\/posts\/63912","targetHints":{"allow":["GET"]}}],"collection":[{"href":"https:\/\/politicosaldesnudo.com.mx\/index.php\/wp-json\/wp\/v2\/posts"}],"about":[{"href":"https:\/\/politicosaldesnudo.com.mx\/index.php\/wp-json\/wp\/v2\/types\/post"}],"author":[{"embeddable":true,"href":"https:\/\/politicosaldesnudo.com.mx\/index.php\/wp-json\/wp\/v2\/users\/4"}],"replies":[{"embeddable":true,"href":"https:\/\/politicosaldesnudo.com.mx\/index.php\/wp-json\/wp\/v2\/comments?post=63912"}],"version-history":[{"count":0,"href":"https:\/\/politicosaldesnudo.com.mx\/index.php\/wp-json\/wp\/v2\/posts\/63912\/revisions"}],"wp:featuredmedia":[{"embeddable":true,"href":"https:\/\/politicosaldesnudo.com.mx\/index.php\/wp-json\/wp\/v2\/media\/63913"}],"wp:attachment":[{"href":"https:\/\/politicosaldesnudo.com.mx\/index.php\/wp-json\/wp\/v2\/media?parent=63912"}],"wp:term":[{"taxonomy":"category","embeddable":true,"href":"https:\/\/politicosaldesnudo.com.mx\/index.php\/wp-json\/wp\/v2\/categories?post=63912"},{"taxonomy":"post_tag","embeddable":true,"href":"https:\/\/politicosaldesnudo.com.mx\/index.php\/wp-json\/wp\/v2\/tags?post=63912"}],"curies":[{"name":"wp","href":"https:\/\/api.w.org\/{rel}","templated":true}]}}