{"id":63915,"date":"2025-05-29T00:17:13","date_gmt":"2025-05-29T06:17:13","guid":{"rendered":"https:\/\/politicosaldesnudo.com.mx\/?p=63915"},"modified":"2025-05-28T22:15:19","modified_gmt":"2025-05-29T04:15:19","slug":"maduro-acusa-a-supuesta-fundacion-de-bukele-de-financiar-acciones-terroristas-en-venezuela","status":"publish","type":"post","link":"https:\/\/politicosaldesnudo.com.mx\/index.php\/2025\/05\/29\/maduro-acusa-a-supuesta-fundacion-de-bukele-de-financiar-acciones-terroristas-en-venezuela\/","title":{"rendered":"Maduro acusa a supuesta fundaci\u00f3n de Bukele de financiar acciones terroristas en Venezuela"},"content":{"rendered":"<p>El presidente de Venezuela, Nicol\u00e1s Maduro, afirm\u00f3 ayer que los organismos de seguridad arrestaron a m\u00e1s de 70 personas por planes de terrorismo, quienes estar\u00edan vinculadas a la oposici\u00f3n y supuestamente financiadas por una presunta fundaci\u00f3n de (Nayib) Bukele, mandatario de El Salvador.<\/p>\n<p>\u201cUna fundaci\u00f3n de Bukele donde \u00e9l roba bastante; de la fundaci\u00f3n de Bukele a Leopoldo L\u00f3pez y de Leopoldo L\u00f3pez a las ONG de supuestos defensores de derechos humanos y de ah\u00ed a la cuenta del teque\u00f1o crudo (en referencia al opositor Juan Pablo Guanipa detennido el viernes tras ser acusado de encabezar un grupo de presuntos terroristas que buscaban afectar las elecciones del fin de semana)\u201d, expres\u00f3 anoche Maduro durante un acto transmitido en cadena nacional.<\/p>\n<p>\u201cLogramos quitarle las granadas, explosivos, capturamos gente en la frontera, todav\u00eda est\u00e1 en pleno desarrollo el proceso de b\u00fasqueda de estos terroristas\u201d, acot\u00f3 el l\u00edder venezolano<\/p>\n<p>Maduro adegur\u00f3 que los cuerpos de seguridad frustraron ataques contra varias embajadas, entre estas la de Colombia y la sede de las Organizaci\u00f3n de Naciones Unidas en Caracas.<\/p>\n<p>\u201cDetr\u00e1s de todo esto hay una sola persona, la persona que pueda tener m\u00e1s odio y m\u00e1s veneno en su alma, ustedes saben qui\u00e9n es, no la voy a nombrar aqu\u00ed, la diabla perversa (en referencia a la cabeza de la oposici\u00f3n, Corina Machado) y el imperialismo sin lugar a duda, quer\u00edan llenar de violencia y de caos Venezuela para que no hubiera elecciones (el domingo pasado)\u201d, afirm\u00f3.<\/p>\n<p>En tanto, el ministro de Interior, Justicia y Paz, Diosdado Cabello, asegur\u00f3 que Venezuela evit\u00f3 adem\u00e1s en los \u00faltimos 10 d\u00edas casi 60 ataques con explosivos contra instalaciones de la industria petrolera del pa\u00eds.<\/p>\n","protected":false},"excerpt":{"rendered":"<p>El presidente de Venezuela, Nicol\u00e1s Maduro, afirm\u00f3 ayer que los organismos de seguridad arrestaron a m\u00e1s de 70 personas por<\/p>\n","protected":false},"author":4,"featured_media":63916,"comment_status":"closed","ping_status":"closed","sticky":false,"template":"","format":"standard","meta":{"colormag_page_container_layout":"default_layout","colormag_page_sidebar_layout":"default_layout","_jetpack_memberships_contains_paid_content":false,"footnotes":"","jetpack_publicize_message":"","jetpack_publicize_feature_enabled":true,"jetpack_social_post_already_shared":false,"jetpack_social_options":{"image_generator_settings":{"template":"highway","default_image_id":0,"font":"","enabled":false},"version":2}},"categories":[28],"tags":[],"class_list":["post-63915","post","type-post","status-publish","format-standard","has-post-thumbnail","hentry","category-internacional"],"jetpack_publicize_connections":[],"jetpack_featured_media_url":"https:\/\/i0.wp.com\/politicosaldesnudo.com.mx\/wp-content\/uploads\/2025\/05\/PENDE.jpg?fit=611%2C413&ssl=1","jetpack-related-posts":[],"jetpack_sharing_enabled":true,"_links":{"self":[{"href":"https:\/\/politicosaldesnudo.com.mx\/index.php\/wp-json\/wp\/v2\/posts\/63915","targetHints":{"allow":["GET"]}}],"collection":[{"href":"https:\/\/politicosaldesnudo.com.mx\/index.php\/wp-json\/wp\/v2\/posts"}],"about":[{"href":"https:\/\/politicosaldesnudo.com.mx\/index.php\/wp-json\/wp\/v2\/types\/post"}],"author":[{"embeddable":true,"href":"https:\/\/politicosaldesnudo.com.mx\/index.php\/wp-json\/wp\/v2\/users\/4"}],"replies":[{"embeddable":true,"href":"https:\/\/politicosaldesnudo.com.mx\/index.php\/wp-json\/wp\/v2\/comments?post=63915"}],"version-history":[{"count":0,"href":"https:\/\/politicosaldesnudo.com.mx\/index.php\/wp-json\/wp\/v2\/posts\/63915\/revisions"}],"wp:featuredmedia":[{"embeddable":true,"href":"https:\/\/politicosaldesnudo.com.mx\/index.php\/wp-json\/wp\/v2\/media\/63916"}],"wp:attachment":[{"href":"https:\/\/politicosaldesnudo.com.mx\/index.php\/wp-json\/wp\/v2\/media?parent=63915"}],"wp:term":[{"taxonomy":"category","embeddable":true,"href":"https:\/\/politicosaldesnudo.com.mx\/index.php\/wp-json\/wp\/v2\/categories?post=63915"},{"taxonomy":"post_tag","embeddable":true,"href":"https:\/\/politicosaldesnudo.com.mx\/index.php\/wp-json\/wp\/v2\/tags?post=63915"}],"curies":[{"name":"wp","href":"https:\/\/api.w.org\/{rel}","templated":true}]}}