{"id":63927,"date":"2025-05-28T22:24:10","date_gmt":"2025-05-29T04:24:10","guid":{"rendered":"https:\/\/politicosaldesnudo.com.mx\/?p=63927"},"modified":"2025-05-28T22:24:10","modified_gmt":"2025-05-29T04:24:10","slug":"incurrira-mexico-en-responsabilidad-internacional","status":"publish","type":"post","link":"https:\/\/politicosaldesnudo.com.mx\/index.php\/2025\/05\/28\/incurrira-mexico-en-responsabilidad-internacional\/","title":{"rendered":"\u00bfIncurrir\u00e1 M\u00e9xico en responsabilidad internacional?"},"content":{"rendered":"<p>Seg\u00fan nos ha ilustrado el mejor internacionalista contempor\u00e1neo Don Alfonso Mu\u00f1oz de Cote, en la Teoria Generale Della Responsabilit\u00e0 Dello Stato Nel Diritto Internazionale, escrita por Dionisio Anzilotti; se precisa que cualquier Pa\u00eds debe de sostener y mantener su enorme responsabilidad mundial, cumpliendo todo lo pactado con la comunidad internacional. Y resulta ser el caso que ello tambi\u00e9n se encuentra inserto en el art\u00edculo 1\u00ba de la Constituci\u00f3n Pol\u00edtica de los Estados Unidos Mexicanos, en caso de no ser as\u00ed, traer\u00eda como consecuencia la producci\u00f3n de una violaci\u00f3n al Derecho Internacional.<\/p>\n<p>Alfonso Mu\u00f1oz de Cote, catedr\u00e1tico de la Facultad de Derecho de la Universidad Nacional Aut\u00f3noma de M\u00e9xico, quien pertenece tambi\u00e9n a la Academia Mexicana de Derecho Internacional y excelso representante del pensar de esa academia, tambi\u00e9n nos ha educado sobre aquellos fundamentos de responsabilidad internacional en la que pudiera incurrir M\u00e9xico y \u00e9sta responsabilidad, se encontrar\u00eda siempre delimitada a dos teor\u00edas torales, a saber: a).- la teor\u00eda de la falta, o de la violaci\u00f3n del Derecho, en su forma m\u00e1s matizada y b).- la teor\u00eda de la responsabilidad objetiva, o del riesgo, en una forma por igual equilibrada; exigiendo la primera la violaci\u00f3n de un derecho para fundar esa responsabilidad en la que incidir\u00eda nuestra Naci\u00f3n y limitando la segunda teor\u00eda el fundamento a la responsabilidad o la simple existencia de un temor, debi\u00e9ndose erradicar la violencia contra las mujeres. Esto as\u00ed se encuentra plasmado en la Convenci\u00f3n de Bel\u00e9m do Par\u00e1.<\/p>\n<p>Para conocimiento de nuestros amables lectores, la Convenci\u00f3n de Bel\u00e9m do Par\u00e1, tambi\u00e9n conocida como la \u201cConvenci\u00f3n Interamericana para Prevenir, Sancionar y Erradicar la Violencia contra la Mujer\u201d, es un tratado internacional que establece la violencia en contra de ellas y la estipula como una violaci\u00f3n de los derechos humanos. Esa Convenci\u00f3n fue adoptada desde 1994 y busca garantizar que las mujeres puedan vivir una vida libre de violencia, en dicho Pacto se se\u00f1ala que se entiende por violencia contra la mujer cualquier acci\u00f3n o conducta, basada solo en el hecho de ser mujer y, que cause un da\u00f1o o sufrimiento f\u00edsico, sexual o psicol\u00f3gico, tanto en el \u00e1mbito p\u00fablico, como en el privado.<\/p>\n<p>En la asentada y alabada por muchos convenci\u00f3n interamericana, se estipula de manera bien clara y precisa: \u201cQue la violencia incluye los aspectos f\u00edsico, sexual y psicol\u00f3gico que tenga lugar dentro de la familia o en cualquier relaci\u00f3n interpersonal que comprenda y sea perpetrada por cualquiera, cuando se de una violaci\u00f3n, abuso y acoso sexual en cualquier lugar y que \u00e9sta sea tolerada y no sancionada por el Estado o sus agentes\u201d.<\/p>\n<p>En concepto de la Academia de Derecho Penal del Colegio Nacional de Abogados Foro de M\u00e9xico, en la causa y carpeta criminal incoada por Regina Seemman Audiffred, por el delito de violaci\u00f3n cometido por el padre en contra de sus menores hijos, se pudiera dar el caso de una responsabilidad internacional del Estado, dadas las faltas por acci\u00f3n u omisi\u00f3n al Derecho Internacional e innegablemente esa falta ser\u00eda cometida por un ente del Estado denominada Fiscal\u00eda General de Justicia de la Ciudad de M\u00e9xico, al ser \u00e9sta omisa en practicar la investigaci\u00f3n imparcial que merecen los menores afectados, dando como consecuencia la impunidad al infractor de la ley.<\/p>\n<p>\u00bfTendr\u00e1 el Estado Mexicano alguna responsabilidad internacional por s\u00ed y\/o a trav\u00e9s de la referida Fiscal\u00eda por no actuar con la claridad que el caso de Regina Seemman Audiffred requiere?.<\/p>\n<p>Los tribunales internacionales en su caso, \u00bfdar\u00e1n la raz\u00f3n al violador de sus hijos o le brindar\u00edan impunidad?.<\/p>\n<p>Es cu\u00e1nto.<\/p>\n<p><img data-recalc-dims=\"1\" loading=\"lazy\" decoding=\"async\" class=\"aligncenter size-full wp-image-63698\" src=\"https:\/\/i0.wp.com\/politicosaldesnudo.com.mx\/wp-content\/uploads\/2025\/05\/FIRMA-EDITORIAL-PD-9.jpg?resize=800%2C98&#038;ssl=1\" alt=\"\" width=\"800\" height=\"98\" srcset=\"https:\/\/i0.wp.com\/politicosaldesnudo.com.mx\/wp-content\/uploads\/2025\/05\/FIRMA-EDITORIAL-PD-9.jpg?w=1024&amp;ssl=1 1024w, https:\/\/i0.wp.com\/politicosaldesnudo.com.mx\/wp-content\/uploads\/2025\/05\/FIRMA-EDITORIAL-PD-9.jpg?resize=300%2C37&amp;ssl=1 300w, https:\/\/i0.wp.com\/politicosaldesnudo.com.mx\/wp-content\/uploads\/2025\/05\/FIRMA-EDITORIAL-PD-9.jpg?resize=768%2C94&amp;ssl=1 768w\" sizes=\"auto, (max-width: 800px) 100vw, 800px\" \/><\/p>\n","protected":false},"excerpt":{"rendered":"<p>Seg\u00fan nos ha ilustrado el mejor internacionalista contempor\u00e1neo Don Alfonso Mu\u00f1oz de Cote, en la Teoria Generale Della Responsabilit\u00e0 Dello<\/p>\n","protected":false},"author":4,"featured_media":52149,"comment_status":"closed","ping_status":"closed","sticky":false,"template":"","format":"standard","meta":{"colormag_page_container_layout":"default_layout","colormag_page_sidebar_layout":"default_layout","_jetpack_memberships_contains_paid_content":false,"footnotes":"","jetpack_publicize_message":"","jetpack_publicize_feature_enabled":true,"jetpack_social_post_already_shared":false,"jetpack_social_options":{"image_generator_settings":{"template":"highway","default_image_id":0,"font":"","enabled":false},"version":2}},"categories":[26],"tags":[],"class_list":["post-63927","post","type-post","status-publish","format-standard","has-post-thumbnail","hentry","category-columnistas"],"jetpack_publicize_connections":[],"jetpack_featured_media_url":"https:\/\/i0.wp.com\/politicosaldesnudo.com.mx\/wp-content\/uploads\/2024\/12\/WOODLRICH.jpg?fit=800%2C445&ssl=1","jetpack-related-posts":[],"jetpack_sharing_enabled":true,"_links":{"self":[{"href":"https:\/\/politicosaldesnudo.com.mx\/index.php\/wp-json\/wp\/v2\/posts\/63927","targetHints":{"allow":["GET"]}}],"collection":[{"href":"https:\/\/politicosaldesnudo.com.mx\/index.php\/wp-json\/wp\/v2\/posts"}],"about":[{"href":"https:\/\/politicosaldesnudo.com.mx\/index.php\/wp-json\/wp\/v2\/types\/post"}],"author":[{"embeddable":true,"href":"https:\/\/politicosaldesnudo.com.mx\/index.php\/wp-json\/wp\/v2\/users\/4"}],"replies":[{"embeddable":true,"href":"https:\/\/politicosaldesnudo.com.mx\/index.php\/wp-json\/wp\/v2\/comments?post=63927"}],"version-history":[{"count":0,"href":"https:\/\/politicosaldesnudo.com.mx\/index.php\/wp-json\/wp\/v2\/posts\/63927\/revisions"}],"wp:featuredmedia":[{"embeddable":true,"href":"https:\/\/politicosaldesnudo.com.mx\/index.php\/wp-json\/wp\/v2\/media\/52149"}],"wp:attachment":[{"href":"https:\/\/politicosaldesnudo.com.mx\/index.php\/wp-json\/wp\/v2\/media?parent=63927"}],"wp:term":[{"taxonomy":"category","embeddable":true,"href":"https:\/\/politicosaldesnudo.com.mx\/index.php\/wp-json\/wp\/v2\/categories?post=63927"},{"taxonomy":"post_tag","embeddable":true,"href":"https:\/\/politicosaldesnudo.com.mx\/index.php\/wp-json\/wp\/v2\/tags?post=63927"}],"curies":[{"name":"wp","href":"https:\/\/api.w.org\/{rel}","templated":true}]}}