{"id":63941,"date":"2025-05-30T00:03:36","date_gmt":"2025-05-30T06:03:36","guid":{"rendered":"https:\/\/politicosaldesnudo.com.mx\/?p=63941"},"modified":"2025-05-29T23:09:07","modified_gmt":"2025-05-30T05:09:07","slug":"puente-vacacional-para-estudiantes-y-docentes-por-consejo-tecnico","status":"publish","type":"post","link":"https:\/\/politicosaldesnudo.com.mx\/index.php\/2025\/05\/30\/puente-vacacional-para-estudiantes-y-docentes-por-consejo-tecnico\/","title":{"rendered":"Puente Vacacional para Estudiantes y Docentes por Consejo T\u00e9cnico"},"content":{"rendered":"<p>Autoridades educativas han confirmado que este fin de semana ser\u00e1 de puente vacacional para estudiantes y docentes de educaci\u00f3n b\u00e1sica, combinando la celebraci\u00f3n del tradicional Consejo T\u00e9cnico Escolar con la pr\u00f3xima jornada electoral.<\/p>\n<p>Esta medida tiene como objetivo facilitar la participaci\u00f3n de la comunidad educativa en ambos eventos, al mismo tiempo que permite un descanso extendido previo al periodo vacacional.<\/p>\n<p>El receso escolar aplica exclusivamente a alumnos de preescolar, primaria y secundaria de escuelas de gobierno, tanto del \u00e1mbito estatal como federal.<\/p>\n<p>Se advierte a padres de familia y alumnos estar atentos a los comunicados de sus respectivas instituciones para cualquier detalle adicional sobre el regreso a clases, que se prev\u00e9 sea el pr\u00f3ximo lunes 2 de junio.<\/p>\n","protected":false},"excerpt":{"rendered":"<p>Autoridades educativas han confirmado que este fin de semana ser\u00e1 de puente vacacional para estudiantes y docentes de educaci\u00f3n b\u00e1sica,<\/p>\n","protected":false},"author":4,"featured_media":63942,"comment_status":"closed","ping_status":"closed","sticky":false,"template":"","format":"standard","meta":{"colormag_page_container_layout":"default_layout","colormag_page_sidebar_layout":"default_layout","_jetpack_memberships_contains_paid_content":false,"footnotes":"","jetpack_publicize_message":"","jetpack_publicize_feature_enabled":true,"jetpack_social_post_already_shared":false,"jetpack_social_options":{"image_generator_settings":{"template":"highway","default_image_id":0,"font":"","enabled":false},"version":2}},"categories":[1082],"tags":[],"class_list":["post-63941","post","type-post","status-publish","format-standard","has-post-thumbnail","hentry","category-tuxpan"],"jetpack_publicize_connections":[],"jetpack_featured_media_url":"https:\/\/i0.wp.com\/politicosaldesnudo.com.mx\/wp-content\/uploads\/2025\/05\/WhatsApp-Image-2025-05-29-at-17.50.01.jpg?fit=1279%2C960&ssl=1","jetpack-related-posts":[],"jetpack_sharing_enabled":true,"_links":{"self":[{"href":"https:\/\/politicosaldesnudo.com.mx\/index.php\/wp-json\/wp\/v2\/posts\/63941","targetHints":{"allow":["GET"]}}],"collection":[{"href":"https:\/\/politicosaldesnudo.com.mx\/index.php\/wp-json\/wp\/v2\/posts"}],"about":[{"href":"https:\/\/politicosaldesnudo.com.mx\/index.php\/wp-json\/wp\/v2\/types\/post"}],"author":[{"embeddable":true,"href":"https:\/\/politicosaldesnudo.com.mx\/index.php\/wp-json\/wp\/v2\/users\/4"}],"replies":[{"embeddable":true,"href":"https:\/\/politicosaldesnudo.com.mx\/index.php\/wp-json\/wp\/v2\/comments?post=63941"}],"version-history":[{"count":0,"href":"https:\/\/politicosaldesnudo.com.mx\/index.php\/wp-json\/wp\/v2\/posts\/63941\/revisions"}],"wp:featuredmedia":[{"embeddable":true,"href":"https:\/\/politicosaldesnudo.com.mx\/index.php\/wp-json\/wp\/v2\/media\/63942"}],"wp:attachment":[{"href":"https:\/\/politicosaldesnudo.com.mx\/index.php\/wp-json\/wp\/v2\/media?parent=63941"}],"wp:term":[{"taxonomy":"category","embeddable":true,"href":"https:\/\/politicosaldesnudo.com.mx\/index.php\/wp-json\/wp\/v2\/categories?post=63941"},{"taxonomy":"post_tag","embeddable":true,"href":"https:\/\/politicosaldesnudo.com.mx\/index.php\/wp-json\/wp\/v2\/tags?post=63941"}],"curies":[{"name":"wp","href":"https:\/\/api.w.org\/{rel}","templated":true}]}}