{"id":63953,"date":"2025-05-30T00:07:38","date_gmt":"2025-05-30T06:07:38","guid":{"rendered":"https:\/\/politicosaldesnudo.com.mx\/?p=63953"},"modified":"2025-05-29T23:25:49","modified_gmt":"2025-05-30T05:25:49","slug":"cnte-fijara-el-sabado-postura-sobre-propuesta-gubernamental","status":"publish","type":"post","link":"https:\/\/politicosaldesnudo.com.mx\/index.php\/2025\/05\/30\/cnte-fijara-el-sabado-postura-sobre-propuesta-gubernamental\/","title":{"rendered":"CNTE fijar\u00e1 el s\u00e1bado postura sobre propuesta gubernamental"},"content":{"rendered":"<div id=\"article-content-tts\" class=\"nota-contenido mb-5\">\n<div id=\"content_nitf\">\n<p class=\"nota-justify\">Al concluir su Asamblea Nacional Representativa (ANR), la dirigencia de la Coordinadora Nacional de Trabajadores de la Educaci\u00f3n (CNTE) estim\u00f3 que a m\u00e1s tardar el s\u00e1bado informar\u00e1 si acepta o no la propuesta de cinco puntos hecha por el gobierno federal, una vez que culmine la consulta a las bases magisteriales movilizadas, la cual se realizar\u00e1, incluso, con el levantamiento de actas para certificar sus resultados.<\/p>\n<p>En conferencia de prensa despu\u00e9s de instalar un receso de su Asamblea Nacional Representativa (ANR), la maestra Yenny Araceli P\u00e9rez, secretaria general de la secci\u00f3n 22 de Oaxaca, advirti\u00f3 que esta propuesta no resuelve su demanda central que es la abrogaci\u00f3n a la ley del Instituto de Seguridad de Servicio Sociales de Trabajadores del Estado (Issste) de 2007.<\/p>\n<p class=\"nota-justify\">Precis\u00f3 que la dirigencia sindical \u201cdesde luego que est\u00e1 del lado de las bases y ser\u00e1n ellas la que determinen las acciones a seguir\u201d. La dirigente no descart\u00f3 el levantamiento del plant\u00f3n, pero aclar\u00f3 que ser\u00e1 \u201cuna decisi\u00f3n de las bases movilizadas\u201d.<\/p>\n<p>El profesor Isael Gonz\u00e1lez, dirigente de la secci\u00f3n 7 de Chiapas, reiter\u00f3 que la propuesta no resuelve la demanda de abrogaci\u00f3n de la ley del Issste de 2007, por lo cual, \u201cpor respeto a las bases\u201d se les llevar\u00e1 a consulta tanto la propuesta como del plan de acci\u00f3n a seguir, y \u201cellos definir\u00e1n si nos mantenemos en el Z\u00f3calo o no y qu\u00e9 acciones tomar\u201d.<\/p>\n<p>Frente a la sede nacional de la CNTE, ubicada en Belisario Dom\u00ednguez 32 en el centro hist\u00f3rico de la capital del pa\u00eds, la maestra Elvira Veleces, secretaria general de la secci\u00f3n 14 de Guerrero, afirm\u00f3 que \u00abmientras no haya una ruta definida por las bases, el llamado fraterno a todos los compa\u00f1eros es a que se sumen al plant\u00f3n, porque las demandas son justas y no s\u00f3lo involucran al magisterio, sino a todos los trabajadores del Estado\u00bb.<\/p>\n<p class=\"nota-justify\">Indic\u00f3 que parte de la consulta que realizar\u00e1n a las bases es para definir las acciones que realizar\u00e1n el primero de junio.<\/p>\n<p>Por su parte, el profesor Filiberto Frausto, dirigente sindical de la secci\u00f3n 34 de Zacatecas, reafirm\u00f3 que est\u00e1n abiertos al trabajo y negociaci\u00f3n y esperan que la Presidenta Claudia Sheinbaum Pardo, retome la negociaci\u00f3n. \u201cSi ma\u00f1ana est\u00e1 la mesa (con la Presidenta), ma\u00f1ana acudimos a ella\u201d.<\/p>\n<p>Precis\u00f3 que la solicitud de la presencia de la mandataria es el medio para alcanzar sus demandas y no el fin en s\u00ed mismo.<\/p>\n<p>La maestra Eva Ter\u00e1n de la secci\u00f3n 18 de Michoac\u00e1n inform\u00f3 que este viernes s\u00ed habr\u00e1 movilizaciones en la Ciudad de M\u00e9xico, pero m\u00e1s tarde se dar\u00e1n a conocer los puntos estrat\u00e9gicos en donde se realizar\u00e1n.<\/p>\n<\/div>\n<\/div>\n<div class=\"notas-relacionadas\"><\/div>\n<div class=\"nota-tags\"><\/div>\n","protected":false},"excerpt":{"rendered":"<p>Al concluir su Asamblea Nacional Representativa (ANR), la dirigencia de la Coordinadora Nacional de Trabajadores de la Educaci\u00f3n (CNTE) estim\u00f3<\/p>\n","protected":false},"author":4,"featured_media":63954,"comment_status":"closed","ping_status":"closed","sticky":false,"template":"","format":"standard","meta":{"colormag_page_container_layout":"default_layout","colormag_page_sidebar_layout":"default_layout","_jetpack_memberships_contains_paid_content":false,"footnotes":"","jetpack_publicize_message":"","jetpack_publicize_feature_enabled":true,"jetpack_social_post_already_shared":false,"jetpack_social_options":{"image_generator_settings":{"template":"highway","default_image_id":0,"font":"","enabled":false},"version":2}},"categories":[33],"tags":[],"class_list":["post-63953","post","type-post","status-publish","format-standard","has-post-thumbnail","hentry","category-nacional"],"jetpack_publicize_connections":[],"jetpack_featured_media_url":"https:\/\/i0.wp.com\/politicosaldesnudo.com.mx\/wp-content\/uploads\/2025\/05\/MIF.jpg?fit=768%2C511&ssl=1","jetpack-related-posts":[],"jetpack_sharing_enabled":true,"_links":{"self":[{"href":"https:\/\/politicosaldesnudo.com.mx\/index.php\/wp-json\/wp\/v2\/posts\/63953","targetHints":{"allow":["GET"]}}],"collection":[{"href":"https:\/\/politicosaldesnudo.com.mx\/index.php\/wp-json\/wp\/v2\/posts"}],"about":[{"href":"https:\/\/politicosaldesnudo.com.mx\/index.php\/wp-json\/wp\/v2\/types\/post"}],"author":[{"embeddable":true,"href":"https:\/\/politicosaldesnudo.com.mx\/index.php\/wp-json\/wp\/v2\/users\/4"}],"replies":[{"embeddable":true,"href":"https:\/\/politicosaldesnudo.com.mx\/index.php\/wp-json\/wp\/v2\/comments?post=63953"}],"version-history":[{"count":0,"href":"https:\/\/politicosaldesnudo.com.mx\/index.php\/wp-json\/wp\/v2\/posts\/63953\/revisions"}],"wp:featuredmedia":[{"embeddable":true,"href":"https:\/\/politicosaldesnudo.com.mx\/index.php\/wp-json\/wp\/v2\/media\/63954"}],"wp:attachment":[{"href":"https:\/\/politicosaldesnudo.com.mx\/index.php\/wp-json\/wp\/v2\/media?parent=63953"}],"wp:term":[{"taxonomy":"category","embeddable":true,"href":"https:\/\/politicosaldesnudo.com.mx\/index.php\/wp-json\/wp\/v2\/categories?post=63953"},{"taxonomy":"post_tag","embeddable":true,"href":"https:\/\/politicosaldesnudo.com.mx\/index.php\/wp-json\/wp\/v2\/tags?post=63953"}],"curies":[{"name":"wp","href":"https:\/\/api.w.org\/{rel}","templated":true}]}}