{"id":63965,"date":"2025-05-30T00:11:55","date_gmt":"2025-05-30T06:11:55","guid":{"rendered":"https:\/\/politicosaldesnudo.com.mx\/?p=63965"},"modified":"2025-05-29T23:35:27","modified_gmt":"2025-05-30T05:35:27","slug":"confia-sheinbaum-en-pronta-reapertura-de-frontera-para-el-ganado-mexicano","status":"publish","type":"post","link":"https:\/\/politicosaldesnudo.com.mx\/index.php\/2025\/05\/30\/confia-sheinbaum-en-pronta-reapertura-de-frontera-para-el-ganado-mexicano\/","title":{"rendered":"Conf\u00eda Sheinbaum en pronta reapertura de frontera para el ganado mexicano"},"content":{"rendered":"<p class=\"nota-justify\">La presidenta Claudia Sheinbaum Pardo expres\u00f3 este jueves su confianza en que pronto se reanudar\u00e1 la exportaci\u00f3n de ganado mexicano y se reabrir\u00e1 la frontera para este fin, tras los avances logrados en el control del gusano barrenador, cuya presencia motiv\u00f3 el cierre impuesto por Estados Unidos.<\/p>\n<p class=\"nota-justify\">Sheinbaum subray\u00f3 que la reapertura no solo responde a una demanda del sector ganadero mexicano, sino que es una necesidad compartida con Estados Unidos:<\/p>\n<p class=\"nota-justify\">\u00abTiene que abrirse la frontera, porque tambi\u00e9n lo necesita Estados Unidos. No solo es una necesidad de los ganaderos mexicanos, sino que es una sociedad en la que se exporta, pero tambi\u00e9n hay quien lo importa y tiene la necesidad de que se abra la frontera por parte de Estados Unidos\u00bb, afirm\u00f3 la mandataria.<\/p>\n<p class=\"nota-justify\">Adem\u00e1s, descart\u00f3 que se hayan registrado nuevos casos de miasis en humanos provocados por los animales afectados.<\/p>\n<p class=\"nota-justify\">La presidenta inform\u00f3 que se espera la llegada la pr\u00f3xima semana de una misi\u00f3n del Departamento de Agricultura de Estados Unidos a M\u00e9xico, para evaluar las medidas aplicadas y avanzar hacia la posible reapertura del comercio de ganado.<\/p>\n<p class=\"nota-justify\">Un d\u00eda antes, el gobierno mexicano hab\u00eda anunciado la firma de acuerdos t\u00e9cnicos con su contraparte estadunidense para enfrentar la plaga. Como parte de estos compromisos, funcionarios de Estados Unidos verificar\u00e1n la correcta implementaci\u00f3n de las acciones pactadas.<\/p>\n<p class=\"nota-justify\">Ambos pa\u00edses acordaron tambi\u00e9n construir en Chiapas una planta para la producci\u00f3n de moscas est\u00e9riles, con lo que buscan erradicar al gusano barrenador. Esta instalaci\u00f3n ser\u00e1 financiada por el gobierno estadounidense con una inversi\u00f3n de 21 millones de d\u00f3lares.<\/p>\n","protected":false},"excerpt":{"rendered":"<p>La presidenta Claudia Sheinbaum Pardo expres\u00f3 este jueves su confianza en que pronto se reanudar\u00e1 la exportaci\u00f3n de ganado mexicano<\/p>\n","protected":false},"author":4,"featured_media":63966,"comment_status":"closed","ping_status":"closed","sticky":false,"template":"","format":"standard","meta":{"colormag_page_container_layout":"default_layout","colormag_page_sidebar_layout":"default_layout","_jetpack_memberships_contains_paid_content":false,"footnotes":"","jetpack_publicize_message":"","jetpack_publicize_feature_enabled":true,"jetpack_social_post_already_shared":false,"jetpack_social_options":{"image_generator_settings":{"template":"highway","default_image_id":0,"font":"","enabled":false},"version":2}},"categories":[2050],"tags":[],"class_list":["post-63965","post","type-post","status-publish","format-standard","has-post-thumbnail","hentry","category-economia"],"jetpack_publicize_connections":[],"jetpack_featured_media_url":"https:\/\/i0.wp.com\/politicosaldesnudo.com.mx\/wp-content\/uploads\/2025\/05\/2a8977ab894044d89e5d07cf2ebdc104.png?fit=1024%2C683&ssl=1","jetpack-related-posts":[],"jetpack_sharing_enabled":true,"_links":{"self":[{"href":"https:\/\/politicosaldesnudo.com.mx\/index.php\/wp-json\/wp\/v2\/posts\/63965","targetHints":{"allow":["GET"]}}],"collection":[{"href":"https:\/\/politicosaldesnudo.com.mx\/index.php\/wp-json\/wp\/v2\/posts"}],"about":[{"href":"https:\/\/politicosaldesnudo.com.mx\/index.php\/wp-json\/wp\/v2\/types\/post"}],"author":[{"embeddable":true,"href":"https:\/\/politicosaldesnudo.com.mx\/index.php\/wp-json\/wp\/v2\/users\/4"}],"replies":[{"embeddable":true,"href":"https:\/\/politicosaldesnudo.com.mx\/index.php\/wp-json\/wp\/v2\/comments?post=63965"}],"version-history":[{"count":0,"href":"https:\/\/politicosaldesnudo.com.mx\/index.php\/wp-json\/wp\/v2\/posts\/63965\/revisions"}],"wp:featuredmedia":[{"embeddable":true,"href":"https:\/\/politicosaldesnudo.com.mx\/index.php\/wp-json\/wp\/v2\/media\/63966"}],"wp:attachment":[{"href":"https:\/\/politicosaldesnudo.com.mx\/index.php\/wp-json\/wp\/v2\/media?parent=63965"}],"wp:term":[{"taxonomy":"category","embeddable":true,"href":"https:\/\/politicosaldesnudo.com.mx\/index.php\/wp-json\/wp\/v2\/categories?post=63965"},{"taxonomy":"post_tag","embeddable":true,"href":"https:\/\/politicosaldesnudo.com.mx\/index.php\/wp-json\/wp\/v2\/tags?post=63965"}],"curies":[{"name":"wp","href":"https:\/\/api.w.org\/{rel}","templated":true}]}}