{"id":63995,"date":"2025-05-29T00:04:26","date_gmt":"2025-05-29T06:04:26","guid":{"rendered":"https:\/\/politicosaldesnudo.com.mx\/?p=63995"},"modified":"2025-05-30T00:05:42","modified_gmt":"2025-05-30T06:05:42","slug":"el-fin-del-yunismo-en-veracruz","status":"publish","type":"post","link":"https:\/\/politicosaldesnudo.com.mx\/index.php\/2025\/05\/29\/el-fin-del-yunismo-en-veracruz\/","title":{"rendered":"\u201cEl fin del Yunismo en Veracruz\u201d"},"content":{"rendered":"<p><em>\u201cMientras los necios deciden, los inteligentes deliberan.\u201d \u2013 Plutarco.<\/em><\/p>\n<p><strong>\u00a0<\/strong><\/p>\n<p><strong>Los cierres de campa\u00f1a en Veracruz han dejado una imagen clara del nuevo equilibrio pol\u00edtico en la entidad: Morena se ha consolidado como la fuerza dominante, no solo por su estructura territorial, sino por su conexi\u00f3n emocional y social con las mayor\u00edas.<\/strong><\/p>\n<p><strong>El movimiento fundado por Andr\u00e9s Manuel L\u00f3pez Obrador ha logrado lo que muchos pensaron improbable hace apenas una d\u00e9cada: construir un partido hegem\u00f3nico al estilo del priismo de anta\u00f1o, pero revestido de un nuevo relato ciudadano \u2013ese que no agrada a algunos, pero que si convence a muchos-.<\/strong><\/p>\n<p><strong>En contraste, los actos de cierre del PAN, PRI y Movimiento Ciudadano han sido grises, desarticulados, y en algunos casos, testimoniales. La militancia luce desmotivada, la dirigencia ausente, y el electorado, indiferente.<\/strong><\/p>\n<p><strong>El llamado \u00abClan Yunista\u00bb, otrora fuerza de control regional en amplios sectores del estado, parece haber abandonado muchas de sus plazas tradicionales, quiz\u00e1 conscientes de que una confrontaci\u00f3n directa con el r\u00e9gimen actual podr\u00eda provocar una ruptura definitiva en los fr\u00e1giles pactos de no agresi\u00f3n que algunos morenistas anodinos les han ofrecido bajo la mesa.<\/strong><\/p>\n<p><strong>Mientras los Yunes celebran en Madrid y MC improvisa candidaturas cuestionadas, en Veracruz Morena ha organizado cierres de campa\u00f1a multitudinarios, con rostros que la ciudadan\u00eda reconoce como propios. No son \u201clos mismos de siempre\u201d \u2014aunque s\u00ed hay ya una incipiente clase pol\u00edtica morenista con experiencia acumulada\u2014, sino liderazgos que nacen desde las bases, respaldados por programas sociales, trabajo territorial y una narrativa de transformaci\u00f3n que a\u00fan conecta con amplios sectores sociales.<\/strong><\/p>\n<p><strong>La gobernadora Roc\u00edo Nahle Garc\u00eda ha elevado el nivel del discurso pol\u00edtico local. Lejos de caer en la descalificaci\u00f3n vac\u00eda, ha apostado por reforzar la gobernabilidad con respaldo federal, especialmente en materia de seguridad, garantizando una jornada electoral segura, con cerca de 16 mil efectivos. <\/strong><\/p>\n<p><strong>Ha advertido con firmeza que no tolerar\u00e1 la postulaci\u00f3n de delincuentes y ha asegurado que quienes, abusando de vac\u00edos legales, intentaron colar a personajes con antecedentes criminales a las boletas, enfrentar\u00e1n la Ley con todo su peso.<\/strong><\/p>\n<p><strong>Este cierre de campa\u00f1as deja entrever una nueva etapa pol\u00edtica en Veracruz. Morena no solo domina en encuestas y movilizaci\u00f3n: se perfila como el nuevo partido de Estado, con todo lo que ello implica.<\/strong><\/p>\n<p><strong>La diferencia es que, por ahora, su legitimidad no emana de la imposici\u00f3n, sino del respaldo popular.<\/strong><\/p>\n<p><strong>Y en tiempos donde la pol\u00edtica nacional sufre descr\u00e9dito, que un partido logre mantener viva la llama del entusiasmo ciudadano, aunque imperfecto, sigue siendo un fen\u00f3meno digno de an\u00e1lisis.<\/strong><\/p>\n<p><strong>Morena cierra fuerte en Veracruz, mientras la oposici\u00f3n se desdibuja.<\/strong><\/p>\n<p><strong>\u00a0<\/strong><\/p>\n<p><strong>Al tiempo.<\/strong><\/p>\n<p><img data-recalc-dims=\"1\" loading=\"lazy\" decoding=\"async\" class=\"aligncenter size-full wp-image-63996\" src=\"https:\/\/i0.wp.com\/politicosaldesnudo.com.mx\/wp-content\/uploads\/2025\/05\/FIRMA-EDITORIAL-PD-10.jpg?resize=800%2C98&#038;ssl=1\" alt=\"\" width=\"800\" height=\"98\" srcset=\"https:\/\/i0.wp.com\/politicosaldesnudo.com.mx\/wp-content\/uploads\/2025\/05\/FIRMA-EDITORIAL-PD-10.jpg?w=1024&amp;ssl=1 1024w, https:\/\/i0.wp.com\/politicosaldesnudo.com.mx\/wp-content\/uploads\/2025\/05\/FIRMA-EDITORIAL-PD-10.jpg?resize=300%2C37&amp;ssl=1 300w, https:\/\/i0.wp.com\/politicosaldesnudo.com.mx\/wp-content\/uploads\/2025\/05\/FIRMA-EDITORIAL-PD-10.jpg?resize=768%2C94&amp;ssl=1 768w\" sizes=\"auto, (max-width: 800px) 100vw, 800px\" \/><\/p>\n","protected":false},"excerpt":{"rendered":"<p>\u201cMientras los necios deciden, los inteligentes deliberan.\u201d \u2013 Plutarco. \u00a0 Los cierres de campa\u00f1a en Veracruz han dejado una imagen<\/p>\n","protected":false},"author":4,"featured_media":36965,"comment_status":"closed","ping_status":"closed","sticky":false,"template":"","format":"standard","meta":{"colormag_page_container_layout":"default_layout","colormag_page_sidebar_layout":"default_layout","_jetpack_memberships_contains_paid_content":false,"footnotes":"","jetpack_publicize_message":"","jetpack_publicize_feature_enabled":true,"jetpack_social_post_already_shared":false,"jetpack_social_options":{"image_generator_settings":{"template":"highway","default_image_id":0,"font":"","enabled":false},"version":2}},"categories":[26],"tags":[],"class_list":["post-63995","post","type-post","status-publish","format-standard","has-post-thumbnail","hentry","category-columnistas"],"jetpack_publicize_connections":[],"jetpack_featured_media_url":"https:\/\/i0.wp.com\/politicosaldesnudo.com.mx\/wp-content\/uploads\/2024\/05\/LUIS-RAMIREZ-BAQUEIRO.jpg?fit=800%2C445&ssl=1","jetpack-related-posts":[],"jetpack_sharing_enabled":true,"_links":{"self":[{"href":"https:\/\/politicosaldesnudo.com.mx\/index.php\/wp-json\/wp\/v2\/posts\/63995","targetHints":{"allow":["GET"]}}],"collection":[{"href":"https:\/\/politicosaldesnudo.com.mx\/index.php\/wp-json\/wp\/v2\/posts"}],"about":[{"href":"https:\/\/politicosaldesnudo.com.mx\/index.php\/wp-json\/wp\/v2\/types\/post"}],"author":[{"embeddable":true,"href":"https:\/\/politicosaldesnudo.com.mx\/index.php\/wp-json\/wp\/v2\/users\/4"}],"replies":[{"embeddable":true,"href":"https:\/\/politicosaldesnudo.com.mx\/index.php\/wp-json\/wp\/v2\/comments?post=63995"}],"version-history":[{"count":0,"href":"https:\/\/politicosaldesnudo.com.mx\/index.php\/wp-json\/wp\/v2\/posts\/63995\/revisions"}],"wp:featuredmedia":[{"embeddable":true,"href":"https:\/\/politicosaldesnudo.com.mx\/index.php\/wp-json\/wp\/v2\/media\/36965"}],"wp:attachment":[{"href":"https:\/\/politicosaldesnudo.com.mx\/index.php\/wp-json\/wp\/v2\/media?parent=63995"}],"wp:term":[{"taxonomy":"category","embeddable":true,"href":"https:\/\/politicosaldesnudo.com.mx\/index.php\/wp-json\/wp\/v2\/categories?post=63995"},{"taxonomy":"post_tag","embeddable":true,"href":"https:\/\/politicosaldesnudo.com.mx\/index.php\/wp-json\/wp\/v2\/tags?post=63995"}],"curies":[{"name":"wp","href":"https:\/\/api.w.org\/{rel}","templated":true}]}}