{"id":640,"date":"2021-12-20T07:26:02","date_gmt":"2021-12-20T13:26:02","guid":{"rendered":"https:\/\/politicosaldesnudo.com.mx\/?p=640"},"modified":"2023-06-19T20:39:37","modified_gmt":"2023-06-20T01:39:37","slug":"pipa-de-paz-y-las-eternas-embestidas","status":"publish","type":"post","link":"https:\/\/politicosaldesnudo.com.mx\/index.php\/2021\/12\/20\/pipa-de-paz-y-las-eternas-embestidas\/","title":{"rendered":"Pipa de paz y las eternas embestidas"},"content":{"rendered":"<h5><span lang=\"ES\">Por Francisco Blanco Calder\u00f3n<\/span><\/h5>\n<p>&nbsp;<\/p>\n<p><strong>(Segunda parte)<\/strong><\/p>\n<p><span lang=\"ES\">Un vuelco a la posici\u00f3n agresiva de opositores, sin visi\u00f3n ni proyecto, que ha dedicado los primeros tres a\u00f1os del nuevo gobierno a insultos y sobre todo rechazo a las medidas exitosas emprendidas para aniquilar la corrupci\u00f3n neoliberal, el saqueo desmedido y, ante todo, la entrega de recursos a intereses extranjeros. Un cambio importante para establecer el di\u00e1logo bajo v\u00edas democr\u00e1ticas, con propuestas inteligentes y pensadas en la sociedad mexicana no a responder a intereses mezquinos de gobernantes, empresarios y medios de comunicaci\u00f3n.<\/span><\/p>\n<p><span lang=\"ES\">\u00c1lvaro Delgado y Alejandro P\u00e1ez Valera, en su programa\u00a0<i>Los Periodistas<\/i>, del pasado lunes 13, realizan un an\u00e1lisis sin parang\u00f3n acerca del acercamiento del PAN con el gobierno de la 4T, \u201c\u00bfNo est\u00e1n molestos Claudio X y Gustavo de Hoyos por dialogar con el Presidente?\u201d, cuestion\u00f3 el periodista \u00c1lvaro Delgado. La decisi\u00f3n de dialogar con el Presidente Andr\u00e9s Manuel L\u00f3pez Obrador no la comunicamos ni a Gustavo de Hoyos ni a Claudio X. Gonz\u00e1lez porque es una decisi\u00f3n del Partido Acci\u00f3n Nacional, asegur\u00f3 Santiago Creel Miranda, vicepresidente de la C\u00e1mara de Diputados al precisar que s\u00f3lo estuvieron enterados los l\u00edderes del PRI y PRD.<\/span><\/p>\n<p><span lang=\"ES\">Todos reculando, el PRD niega ser de izquierda y asume posici\u00f3n\u00a0\u00a0social dem\u00f3crata, el PRI rechaza al neoliberalismo y se jacta de ser centro izquierda, Claudio equis ya asegura ser mas de izquierda que de derecha, el PAN se disciplina al dialogo y Claudio X papa junto a los empresarios de COPEL y CINEPOLIS, ex Operaci\u00f3n Berl\u00edn de Krause,\u00a0\u00a0piden disculpas en pleno del Palacio Nacional.\u00a0\u00a0AMLO en la reuni\u00f3n de la CONAGO recibe el apoyo de la opositora Alianza Federalista: \u00abIniciamos una nueva etapa\u00bb, Omar Fayad, nuevo presidente. Diego Sinhu\u00e9 ex titular afirm\u00f3 que la agrupaci\u00f3n opositora est\u00e1 \u00abdesdibujada\u00bb. Di\u00e1logo principio de la democracia.<\/span><\/p>\n<p><span lang=\"ES\">Mientras los partidos y legisladores reencauzan su posici\u00f3n pol\u00edtica, otros pol\u00edticos y acad\u00e9micos, recalcitrantes, insisten en la confrontaci\u00f3n y el INE viola la Constituci\u00f3n al rechazar la revocaci\u00f3n del mandato:<\/span><\/p>\n<p><b><span lang=\"ES\">\u00a0<\/span><\/b><\/p>\n<p><b><span lang=\"ES\">EL JEFE DIEGO VOCIFERA<\/span><\/b><\/p>\n<p><span lang=\"ES\">En el diario espa\u00f1ol,\u00a0<i>El Pa\u00eds<\/i>, Diego Fern\u00e1ndez de Cevallos calific\u00f3 el discurso de AMLO en la ONU, como \u201cde cura, pero de parroquia pobre, ni siquiera de catedral. Este brib\u00f3n quiere explicar al mundo c\u00f3mo combatir la inseguridad cuando nunca antes hab\u00edamos tenido tantos asesinatos\u201d.<\/span><span lang=\"ES\">\u00a0<\/span><span lang=\"ES\">\u201cAborrezco a este miserable que est\u00e1 destruyendo el pa\u00eds&#8230; En el pecado llevan la penitencia, porque se crey\u00f3 a este rufi\u00e1n\u2026 El porro y f\u00f3sil universitario, que se defin\u00eda como luchador social, en referencia a L\u00f3pez Obrador, se opuso con todas sus fuerzas al Tratado de Libre Comercio y ahora lo suscribe con gran alharaca\u201d. Un Diego eternamente ardido, cuando AMLO lo hizo pedazos en marzo del 2000 en el programa Primero Noticias de Joaqu\u00edn L\u00f3pez D\u00f3riga.<\/span><\/p>\n<p><b><span lang=\"ES\">\u00a0<\/span><\/b><\/p>\n<p><b><span lang=\"ES\">SICILIA, BESUCON FRUSTRADO<\/span><\/b><\/p>\n<p><span lang=\"ES\">Cuando el mandatario celebr\u00f3 sus tres a\u00f1os al frente del Ejecutivo federal: \u201cA semejanza del F\u00fchrer, AMLO ha construido y sostenido su poder con la masa. Conoce sus mecanismos, sus deseos, los s\u00edmbolos que la concitan y la reproducen. Sabe, por lo mismo, que entre mayor es la plaza p\u00fablica, mayor es su capacidad de hacerla crecer.\u2026<\/span><span lang=\"ES\">\u00a0<\/span><span lang=\"ES\">En su columna del semanario\u00a0<i>Proceso<\/i>, Javier Sicilia, se\u00f1ala que el tabasque\u00f1o y Hitler comparten la misma psicolog\u00eda, adem\u00e1s, asegur\u00f3 que ambos l\u00edderes tienen el apoyo de las masas. Pero Edgardo Buscaglia se lanza contra Sicilia, asegurando que si \u00abAMLO usara la l\u00f3gica de Hitler\u00bb no habr\u00eda libertad de expresi\u00f3n ni podr\u00eda haber publicado su columna.<\/span><\/p>\n<p><b><span lang=\"ES\">\u00a0<\/span><\/b><\/p>\n<p><b><span lang=\"ES\">AGUAYO-DRESSER, HUNDIDOS EN EL FOSO DEL CIDE<\/span><\/b><\/p>\n<p><b><span lang=\"ES\">\u00a0<\/span><\/b><span lang=\"ES\">A Sergio Aguayo se le hizo f\u00e1cil comparar al D\u00edaz Ordaz de 1968 con el AMLO de 2021, quien apenas y tiene que ver en el conflicto que existe entre estudiantes del CIDE y autoridades administrativas. Resulta que Aguayo en su columna del\u00a0<i>Reforma<\/i>\u00a0asegura que AMLO y su cerraz\u00f3n ante el di\u00e1logo con estudiantes del CIDE, tiene mucho de lo que se vio con D\u00edaz Ordaz y la matanza de 1968. C\u00e9sar Cansino, explota en Twitter: \u201cLos estudiantes del 68 eran revolucionarios, quer\u00edan transformar al pa\u00eds, los estudiantes del CIDE son reaccionarios, buscan preservar una instituci\u00f3n elitista y de privilegios, gobernada por una casta cerrada, discrecional y prostituida por el poder\u201d. Denise Dresser tambi\u00e9n arremeti\u00f3: \u201cEl problema no es tanto darle tanto poder al ej\u00e9rcito, sino que despu\u00e9s va ser muy dif\u00edcil quit\u00e1rselo. L\u00f3pez est\u00e1 sentando las bases de una futura dictadura militar.\u00a0\u00a0Eso s\u00ed es fascismo\u2026 Estuvo durante a\u00f1os chingue y chingue en contra la militarizaci\u00f3n, cuando tiene el poder, los usa para sus fines\u2026 tildo al gobierno actual de \u201cfascista\u201d y \u201cdictadura militar\u201d. Acad\u00e9micos del CIDE,\u00a0\u00a0enojados por el cierre de la cafeter\u00eda con meseros con alt\u00edsimos salarios, viandas de lujo, bebidas ex\u00f3ticas, ahora a comer en fondas Aguayo, Raphael y Dresser.<\/span><\/p>\n<p><span lang=\"ES\">\u00a0<\/span><span lang=\"ES\">El presidente Andr\u00e9s Manuel L\u00f3pez Obrador se\u00f1al\u00f3 que sus detractores \u201cse obnubilan \u00bfpor qu\u00e9 no presentan pruebas de que somos como D\u00edaz Ordaz\u2026o que demuestren que somos fascistas o sustenten compararme con Hitler?\u201d. Todo esto es prueba fehaciente de la absoluta libertad de expresi\u00f3n que hoy campea en M\u00e9xico.<\/span><\/p>\n<p><span lang=\"ES\">\u00a0<\/span><\/p>\n<p><b><span lang=\"ES\">TIEMPO\u00a0\u00a0DE CHILE<\/span><\/b><\/p>\n<p><span lang=\"ES\">Hoy es la segunda vuelta en Chile, donde se\u00a0\u00a0pusieron en pugna dos posiciones antag\u00f3nicas. La organizaci\u00f3n secreta El Yunque, creada en M\u00e9xico, para formar pol\u00edticos cat\u00f3licos \u201cmitad monjes, mitad guerreros\u201d y extendida a pa\u00edses como Espa\u00f1a con el partido extremista Vox, est\u00e1 a las puertas del poder en Chile, est\u00e1 coordinando el programa econ\u00f3mico del candidato de la ultraderecha Jos\u00e9 Antonio Kast, hijo de un militante nazi y seguidor de Pinochet. Mientras que el candidato de izquierda, el allendista Gabriel Boric, promete poner patas para arriba buena parte del modelo chileno. Heredero de las protestas estudiantiles de 2011, su campa\u00f1a recupera como propias las demandas de las revueltas sociales de 2019, cuando cientos de miles de personas salieron a la calle contra la desigualdad y por m\u00e1s presencia del Estado en la educaci\u00f3n y la salud, educaci\u00f3n gratuita en las universidades y eliminar que los bancos financien becas, condonando deudas de cr\u00e9ditos por vida.<\/span><\/p>\n<p>&nbsp;<\/p>\n","protected":false},"excerpt":{"rendered":"<p>Por Francisco Blanco Calder\u00f3n &nbsp; (Segunda parte) Un vuelco a la posici\u00f3n agresiva de opositores, sin visi\u00f3n ni proyecto, que<\/p>\n","protected":false},"author":1,"featured_media":641,"comment_status":"closed","ping_status":"closed","sticky":false,"template":"","format":"standard","meta":{"colormag_page_container_layout":"default_layout","colormag_page_sidebar_layout":"default_layout","_jetpack_memberships_contains_paid_content":false,"footnotes":"","jetpack_publicize_message":"","jetpack_publicize_feature_enabled":true,"jetpack_social_post_already_shared":false,"jetpack_social_options":{"image_generator_settings":{"template":"highway","default_image_id":0,"font":"","enabled":false},"version":2}},"categories":[26],"tags":[],"class_list":["post-640","post","type-post","status-publish","format-standard","has-post-thumbnail","hentry","category-columnistas"],"jetpack_publicize_connections":[],"jetpack_featured_media_url":"https:\/\/i0.wp.com\/politicosaldesnudo.com.mx\/wp-content\/uploads\/2021\/12\/FRANCISCO-BLANCO-CALDERO%CC%81N.png?fit=1816%2C1016&ssl=1","jetpack-related-posts":[],"jetpack_sharing_enabled":true,"_links":{"self":[{"href":"https:\/\/politicosaldesnudo.com.mx\/index.php\/wp-json\/wp\/v2\/posts\/640","targetHints":{"allow":["GET"]}}],"collection":[{"href":"https:\/\/politicosaldesnudo.com.mx\/index.php\/wp-json\/wp\/v2\/posts"}],"about":[{"href":"https:\/\/politicosaldesnudo.com.mx\/index.php\/wp-json\/wp\/v2\/types\/post"}],"author":[{"embeddable":true,"href":"https:\/\/politicosaldesnudo.com.mx\/index.php\/wp-json\/wp\/v2\/users\/1"}],"replies":[{"embeddable":true,"href":"https:\/\/politicosaldesnudo.com.mx\/index.php\/wp-json\/wp\/v2\/comments?post=640"}],"version-history":[{"count":0,"href":"https:\/\/politicosaldesnudo.com.mx\/index.php\/wp-json\/wp\/v2\/posts\/640\/revisions"}],"wp:featuredmedia":[{"embeddable":true,"href":"https:\/\/politicosaldesnudo.com.mx\/index.php\/wp-json\/wp\/v2\/media\/641"}],"wp:attachment":[{"href":"https:\/\/politicosaldesnudo.com.mx\/index.php\/wp-json\/wp\/v2\/media?parent=640"}],"wp:term":[{"taxonomy":"category","embeddable":true,"href":"https:\/\/politicosaldesnudo.com.mx\/index.php\/wp-json\/wp\/v2\/categories?post=640"},{"taxonomy":"post_tag","embeddable":true,"href":"https:\/\/politicosaldesnudo.com.mx\/index.php\/wp-json\/wp\/v2\/tags?post=640"}],"curies":[{"name":"wp","href":"https:\/\/api.w.org\/{rel}","templated":true}]}}