{"id":64055,"date":"2025-05-31T00:16:55","date_gmt":"2025-05-31T06:16:55","guid":{"rendered":"https:\/\/politicosaldesnudo.com.mx\/?p=64055"},"modified":"2025-05-30T23:42:08","modified_gmt":"2025-05-31T05:42:08","slug":"colectivos-en-veracruz-piden-ser-participes-en-designacion-de-titular-de-la-ceb","status":"publish","type":"post","link":"https:\/\/politicosaldesnudo.com.mx\/index.php\/2025\/05\/31\/colectivos-en-veracruz-piden-ser-participes-en-designacion-de-titular-de-la-ceb\/","title":{"rendered":"Colectivos en Veracruz piden ser part\u00edcipes en designaci\u00f3n de titular de la CEB"},"content":{"rendered":"<p class=\"nota-justify\">Colectivos de familiares de personas desaparecidas del estado de Veracruz exigieron ser tomados en cuenta para la designaci\u00f3n de el o la nueva titular de la Comisi\u00f3n Estatal de B\u00fasqueda.<\/p>\n<p class=\"nota-justify\">Las integrantes de los 21 colectivos firmantes a la comunicaci\u00f3n enviada al Gobierno del Estado de Veracruz, resaltaron la importancia de que las familias sean tomadas en cuenta y participen directamente en el proceso de designaci\u00f3n.<\/p>\n<p class=\"nota-justify\">Detallaron que un ejemplo de la falta de inter\u00e9s del gobierno en la participaci\u00f3n de los colectivos, es que de forma apresurada, una noche antes, les notificaron sobre las entrevistas a los seis aspirantes a la titularidad de la Comisi\u00f3n Estatal de B\u00fasqueda.<\/p>\n<p class=\"nota-justify\">\u201cLa participaci\u00f3n de las familias es esencial en este proceso de designaci\u00f3n en el estado de Veracruz, es necesaria una estrategia efectiva de Estado para enfrentar las desapariciones y la crisis forense, (\u2026) vemos con profunda preocupaci\u00f3n que no se prioriz\u00f3, desde un primer momento, la participaci\u00f3n de las familias en el proceso\u201d, se\u00f1alaron las integrantes de los colectivos.<\/p>\n<p class=\"nota-justify\">Expresaron que es necesario que la nueva persona titular de la CEB de Veracruz cuente con independencia y capacidad para realizar sus tareas de b\u00fasqueda, pero tambi\u00e9n para se\u00f1alar las fallas y omisiones<\/p>\n<p class=\"nota-justify\">A\u00f1adieron que debe prevalecer el di\u00e1logo entre las integrantes de los colectivos y las autoridades veracruzanas para hacer frente a la crisis de desapariciones que prevalece en el estado desde hace muchos a\u00f1os.<\/p>\n<p class=\"nota-justify\">\u201cEs necesaria rigurosidad y transparencia en esta designaci\u00f3n, (\u2026) es necesario que esta persona cuente con la capacidad de dirigir la instituci\u00f3n, coordinar el equipo y capacidad para hacer frente a las instituciones en caso de que estas omitan sus responsabilidades\u201d, apuntaron.<\/p>\n","protected":false},"excerpt":{"rendered":"<p>Colectivos de familiares de personas desaparecidas del estado de Veracruz exigieron ser tomados en cuenta para la designaci\u00f3n de el<\/p>\n","protected":false},"author":4,"featured_media":64056,"comment_status":"closed","ping_status":"closed","sticky":false,"template":"","format":"standard","meta":{"colormag_page_container_layout":"default_layout","colormag_page_sidebar_layout":"default_layout","_jetpack_memberships_contains_paid_content":false,"footnotes":"","jetpack_publicize_message":"","jetpack_publicize_feature_enabled":true,"jetpack_social_post_already_shared":false,"jetpack_social_options":{"image_generator_settings":{"template":"highway","default_image_id":0,"font":"","enabled":false},"version":2}},"categories":[30],"tags":[],"class_list":["post-64055","post","type-post","status-publish","format-standard","has-post-thumbnail","hentry","category-estados"],"jetpack_publicize_connections":[],"jetpack_featured_media_url":"https:\/\/i0.wp.com\/politicosaldesnudo.com.mx\/wp-content\/uploads\/2025\/05\/COLVER.jpg?fit=722%2C524&ssl=1","jetpack-related-posts":[],"jetpack_sharing_enabled":true,"_links":{"self":[{"href":"https:\/\/politicosaldesnudo.com.mx\/index.php\/wp-json\/wp\/v2\/posts\/64055","targetHints":{"allow":["GET"]}}],"collection":[{"href":"https:\/\/politicosaldesnudo.com.mx\/index.php\/wp-json\/wp\/v2\/posts"}],"about":[{"href":"https:\/\/politicosaldesnudo.com.mx\/index.php\/wp-json\/wp\/v2\/types\/post"}],"author":[{"embeddable":true,"href":"https:\/\/politicosaldesnudo.com.mx\/index.php\/wp-json\/wp\/v2\/users\/4"}],"replies":[{"embeddable":true,"href":"https:\/\/politicosaldesnudo.com.mx\/index.php\/wp-json\/wp\/v2\/comments?post=64055"}],"version-history":[{"count":0,"href":"https:\/\/politicosaldesnudo.com.mx\/index.php\/wp-json\/wp\/v2\/posts\/64055\/revisions"}],"wp:featuredmedia":[{"embeddable":true,"href":"https:\/\/politicosaldesnudo.com.mx\/index.php\/wp-json\/wp\/v2\/media\/64056"}],"wp:attachment":[{"href":"https:\/\/politicosaldesnudo.com.mx\/index.php\/wp-json\/wp\/v2\/media?parent=64055"}],"wp:term":[{"taxonomy":"category","embeddable":true,"href":"https:\/\/politicosaldesnudo.com.mx\/index.php\/wp-json\/wp\/v2\/categories?post=64055"},{"taxonomy":"post_tag","embeddable":true,"href":"https:\/\/politicosaldesnudo.com.mx\/index.php\/wp-json\/wp\/v2\/tags?post=64055"}],"curies":[{"name":"wp","href":"https:\/\/api.w.org\/{rel}","templated":true}]}}