{"id":64078,"date":"2025-06-02T00:07:06","date_gmt":"2025-06-02T06:07:06","guid":{"rendered":"https:\/\/politicosaldesnudo.com.mx\/?p=64078"},"modified":"2025-06-01T18:43:20","modified_gmt":"2025-06-02T00:43:20","slug":"manlio-fabio-beltrones-critica-complejidad-de-eleccion-judicial","status":"publish","type":"post","link":"https:\/\/politicosaldesnudo.com.mx\/index.php\/2025\/06\/02\/manlio-fabio-beltrones-critica-complejidad-de-eleccion-judicial\/","title":{"rendered":"Manlio Fabio Beltrones critica complejidad de elecci\u00f3n judicial"},"content":{"rendered":"<p class=\"nota-justify\">El senador sonorense Manlio Fabio Beltrones Rivera emiti\u00f3 su voto este domingo en la jornada electoral extraordinaria para renovar cargos del Poder Judicial, donde expres\u00f3 su preocupaci\u00f3n por la escasa participaci\u00f3n ciudadana y la complejidad del proceso, que calific\u00f3 como un riesgo para el Estado de Derecho en M\u00e9xico.<\/p>\n<p class=\"nota-justify\">\u201cJam\u00e1s hab\u00eda visto tan poca gente en las urnas\u201d, se\u00f1al\u00f3 el legislador tras sufragar en la casilla de la secci\u00f3n 0418, ubicada en el Colegio Larrea de la colonia Periodista, donde ha votado ininterrumpidamente durante m\u00e1s de 45 a\u00f1os.<\/p>\n<p class=\"nota-justify\">Beltrones asegur\u00f3 que la baja afluencia en los centros de votaci\u00f3n obedece, en buena medida, a la dificultad para comprender el formato de los comicios y al desconocimiento generalizado sobre los aspirantes a los diversos cargos judiciales.<\/p>\n<p class=\"nota-justify\">\u201cFalt\u00f3 entusiasmo, pero creo que la raz\u00f3n \u2014y lo comprob\u00e9 yo mismo en el ejercicio de mi derecho\u2014 es lo complejo de poder dominar tantas boletas. Dijera una de mis t\u00edas, que le gusta jugar canasta, me sent\u00eda encartado\u201d, expres\u00f3.<\/p>\n<p class=\"nota-justify\">El senador federal, quien vot\u00f3 en contra de la reforma que dio origen a esta modalidad de elecci\u00f3n judicial, reiter\u00f3 sus reservas sobre el impacto de este nuevo modelo en la impartici\u00f3n de justicia en el pa\u00eds.<\/p>\n<p class=\"nota-justify\">\u201cLa justicia no creo que deba ser sometida a una elecci\u00f3n. Debe ser una selecci\u00f3n de los mejores abogados para representar al sistema judicial en M\u00e9xico. Si la decisi\u00f3n se basa en popularidad y no en criterios jur\u00eddicos, estamos ante un problema grave\u201d, advirti\u00f3.<\/p>\n<p class=\"nota-justify\">Beltrones indic\u00f3 que eligi\u00f3 \u00fanicamente a candidatas y candidatos a quienes conoce personalmente o cuya trayectoria profesional le ofrec\u00eda certeza. Se\u00f1al\u00f3 como uno de los grandes errores del proceso la falta de tiempo y mecanismos para que la ciudadan\u00eda pudiera informarse sobre el perfil de los cientos de aspirantes.<\/p>\n<p class=\"nota-justify\">\u201cUno de los errores m\u00e1s graves fue no permitir que los ciudadanos tuvieran un periodo razonable para conocer a tant\u00edsimos candidatos. Votamos a ciegas, y eso puede poner en riesgo la calidad de la justicia\u201d, enfatiz\u00f3.<\/p>\n<p class=\"nota-justify\">La elecci\u00f3n judicial de este domingo en Sonora se realiza en el marco de un proceso in\u00e9dito a nivel nacional, donde las y los ciudadanos eligen por voto directo a m\u00e1s de 50 personas juzgadoras, entre jueces de primera instancia y magistrados.<\/p>\n","protected":false},"excerpt":{"rendered":"<p>El senador sonorense Manlio Fabio Beltrones Rivera emiti\u00f3 su voto este domingo en la jornada electoral extraordinaria para renovar cargos<\/p>\n","protected":false},"author":4,"featured_media":64079,"comment_status":"closed","ping_status":"closed","sticky":false,"template":"","format":"standard","meta":{"colormag_page_container_layout":"default_layout","colormag_page_sidebar_layout":"default_layout","_jetpack_memberships_contains_paid_content":false,"footnotes":"","jetpack_publicize_message":"","jetpack_publicize_feature_enabled":true,"jetpack_social_post_already_shared":false,"jetpack_social_options":{"image_generator_settings":{"template":"highway","default_image_id":0,"font":"","enabled":false},"version":2}},"categories":[33],"tags":[],"class_list":["post-64078","post","type-post","status-publish","format-standard","has-post-thumbnail","hentry","category-nacional"],"jetpack_publicize_connections":[],"jetpack_featured_media_url":"https:\/\/i0.wp.com\/politicosaldesnudo.com.mx\/wp-content\/uploads\/2025\/06\/BELTRON.jpg?fit=1479%2C1142&ssl=1","jetpack-related-posts":[],"jetpack_sharing_enabled":true,"_links":{"self":[{"href":"https:\/\/politicosaldesnudo.com.mx\/index.php\/wp-json\/wp\/v2\/posts\/64078","targetHints":{"allow":["GET"]}}],"collection":[{"href":"https:\/\/politicosaldesnudo.com.mx\/index.php\/wp-json\/wp\/v2\/posts"}],"about":[{"href":"https:\/\/politicosaldesnudo.com.mx\/index.php\/wp-json\/wp\/v2\/types\/post"}],"author":[{"embeddable":true,"href":"https:\/\/politicosaldesnudo.com.mx\/index.php\/wp-json\/wp\/v2\/users\/4"}],"replies":[{"embeddable":true,"href":"https:\/\/politicosaldesnudo.com.mx\/index.php\/wp-json\/wp\/v2\/comments?post=64078"}],"version-history":[{"count":0,"href":"https:\/\/politicosaldesnudo.com.mx\/index.php\/wp-json\/wp\/v2\/posts\/64078\/revisions"}],"wp:featuredmedia":[{"embeddable":true,"href":"https:\/\/politicosaldesnudo.com.mx\/index.php\/wp-json\/wp\/v2\/media\/64079"}],"wp:attachment":[{"href":"https:\/\/politicosaldesnudo.com.mx\/index.php\/wp-json\/wp\/v2\/media?parent=64078"}],"wp:term":[{"taxonomy":"category","embeddable":true,"href":"https:\/\/politicosaldesnudo.com.mx\/index.php\/wp-json\/wp\/v2\/categories?post=64078"},{"taxonomy":"post_tag","embeddable":true,"href":"https:\/\/politicosaldesnudo.com.mx\/index.php\/wp-json\/wp\/v2\/tags?post=64078"}],"curies":[{"name":"wp","href":"https:\/\/api.w.org\/{rel}","templated":true}]}}