{"id":64102,"date":"2025-06-02T00:15:35","date_gmt":"2025-06-02T06:15:35","guid":{"rendered":"https:\/\/politicosaldesnudo.com.mx\/?p=64102"},"modified":"2025-06-01T19:06:08","modified_gmt":"2025-06-02T01:06:08","slug":"alerta-en-hidalgo-por-posible-desbordamiento-del-rio-salado","status":"publish","type":"post","link":"https:\/\/politicosaldesnudo.com.mx\/index.php\/2025\/06\/02\/alerta-en-hidalgo-por-posible-desbordamiento-del-rio-salado\/","title":{"rendered":"Alerta en Hidalgo por posible desbordamiento del r\u00edo Salado"},"content":{"rendered":"<p class=\"nota-justify\">Ante el posible riesgo de desbordamiento del r\u00edo Salado a causa de las fuertes lluvias que se han registrado en las \u00faltimas horas, la ma\u00f1ana de este domingo la Direcci\u00f3n de Protecci\u00f3n Civil del municipio de Tezontepec de Aldama emiti\u00f3 una alerta preventiva dirigida a los vecinos de San Isidro Presas.<\/p>\n<p class=\"nota-justify\">De acuerdo a Protecci\u00f3n Civil de Tezontepec de Aldama, el riesgo de desbordamiento del r\u00edo Salado es en la zona conocida como el Puente de la Cruz.<\/p>\n<p class=\"nota-justify\">La dependencia report\u00f3 que de acuerdo con informaci\u00f3n proporcionada por la Comisi\u00f3n Nacional del Agua (Conagua), el r\u00edo registra un volumen de 24 metros c\u00fabicos por segundo, lo cual incrementa de forma significativa el nivel de alerta hidrol\u00f3gica, debido al riesgo de que el cauce exceda su capacidad natural.<\/p>\n<p class=\"nota-justify\">Ante esta situaci\u00f3n, las autoridades han comenzado un monitoreo permanente del nivel del r\u00edo y exhortan a la poblaci\u00f3n a mantenerse informada a trav\u00e9s de los canales oficiales de Protecci\u00f3n Civil, as\u00ed como a seguir las indicaciones en caso de ser necesario activar protocolos de evacuaci\u00f3n preventiva.<\/p>\n<p class=\"nota-justify\">El gobierno municipal indic\u00f3 que se estar\u00e1n actualizando los reportes conforme se obtenga nueva informaci\u00f3n, reiterando su compromiso con la seguridad de las familias de la zona.<\/p>\n<p class=\"nota-justify\">El municipio de Tezontepec de Aldama se ubica en la parte suroeste del estado de Hidalgo, en la regi\u00f3n del Valle de Tula.<\/p>\n<p class=\"nota-justify\">Fue uno de los municipios afectados por las inundaciones de septiembre de 2021, junto con Tula y Tlahuelilpan.<\/p>\n","protected":false},"excerpt":{"rendered":"<p>Ante el posible riesgo de desbordamiento del r\u00edo Salado a causa de las fuertes lluvias que se han registrado en<\/p>\n","protected":false},"author":4,"featured_media":64103,"comment_status":"closed","ping_status":"closed","sticky":false,"template":"","format":"standard","meta":{"colormag_page_container_layout":"default_layout","colormag_page_sidebar_layout":"default_layout","_jetpack_memberships_contains_paid_content":false,"footnotes":"","jetpack_publicize_message":"","jetpack_publicize_feature_enabled":true,"jetpack_social_post_already_shared":false,"jetpack_social_options":{"image_generator_settings":{"template":"highway","default_image_id":0,"font":"","enabled":false},"version":2}},"categories":[30],"tags":[],"class_list":["post-64102","post","type-post","status-publish","format-standard","has-post-thumbnail","hentry","category-estados"],"jetpack_publicize_connections":[],"jetpack_featured_media_url":"https:\/\/i0.wp.com\/politicosaldesnudo.com.mx\/wp-content\/uploads\/2025\/06\/HIDAL.jpg?fit=763%2C485&ssl=1","jetpack-related-posts":[],"jetpack_sharing_enabled":true,"_links":{"self":[{"href":"https:\/\/politicosaldesnudo.com.mx\/index.php\/wp-json\/wp\/v2\/posts\/64102","targetHints":{"allow":["GET"]}}],"collection":[{"href":"https:\/\/politicosaldesnudo.com.mx\/index.php\/wp-json\/wp\/v2\/posts"}],"about":[{"href":"https:\/\/politicosaldesnudo.com.mx\/index.php\/wp-json\/wp\/v2\/types\/post"}],"author":[{"embeddable":true,"href":"https:\/\/politicosaldesnudo.com.mx\/index.php\/wp-json\/wp\/v2\/users\/4"}],"replies":[{"embeddable":true,"href":"https:\/\/politicosaldesnudo.com.mx\/index.php\/wp-json\/wp\/v2\/comments?post=64102"}],"version-history":[{"count":0,"href":"https:\/\/politicosaldesnudo.com.mx\/index.php\/wp-json\/wp\/v2\/posts\/64102\/revisions"}],"wp:featuredmedia":[{"embeddable":true,"href":"https:\/\/politicosaldesnudo.com.mx\/index.php\/wp-json\/wp\/v2\/media\/64103"}],"wp:attachment":[{"href":"https:\/\/politicosaldesnudo.com.mx\/index.php\/wp-json\/wp\/v2\/media?parent=64102"}],"wp:term":[{"taxonomy":"category","embeddable":true,"href":"https:\/\/politicosaldesnudo.com.mx\/index.php\/wp-json\/wp\/v2\/categories?post=64102"},{"taxonomy":"post_tag","embeddable":true,"href":"https:\/\/politicosaldesnudo.com.mx\/index.php\/wp-json\/wp\/v2\/tags?post=64102"}],"curies":[{"name":"wp","href":"https:\/\/api.w.org\/{rel}","templated":true}]}}