{"id":64105,"date":"2025-06-02T00:16:51","date_gmt":"2025-06-02T06:16:51","guid":{"rendered":"https:\/\/politicosaldesnudo.com.mx\/?p=64105"},"modified":"2025-06-01T19:09:27","modified_gmt":"2025-06-02T01:09:27","slug":"celebra-puerto-vallarta-107-aniversario-de-fundacion","status":"publish","type":"post","link":"https:\/\/politicosaldesnudo.com.mx\/index.php\/2025\/06\/02\/celebra-puerto-vallarta-107-aniversario-de-fundacion\/","title":{"rendered":"Celebra Puerto Vallarta 107 aniversario de fundaci\u00f3n"},"content":{"rendered":"<p>Puerto Vallarta celebr\u00f3 este s\u00e1bado el 107 aniversario de su fundaci\u00f3n como municipio y 57 a\u00f1os de haber sido nombrada como ciudad; turistas y residentes abarrotaron el malec\u00f3n durante la conmemoraci\u00f3n.<\/p>\n<p>Los visitantes disfrutaron el espect\u00e1culo de acrobacia y paracaidismo \u00abLas \u00c1guilas Azteca\u00bb y \u00abGuerrero \u00c1guilas\u00bb, de la Fuerza A\u00e9rea Mexicana.<\/p>\n<p>La participaci\u00f3n de la Orquesta Sinf\u00f3nica de\u00a0Zapopan puso\u00a0a bailar a turistas con canciones de los \u00c1ngeles Azules, acompa\u00f1ados por momentos del Ballet Xiutla de ese puerto.<\/p>\n<p>Mandos del Ej\u00e9rcito Mexicano tambi\u00e9n colocaron \u00e1reas espec\u00edficas con veh\u00edculos y armas, as\u00ed como de fotograf\u00edas, como parte del acercamiento social. Adem\u00e1s, los efectivos accedieron a tomarse fotograf\u00edas con nacionales y extranjeros.<\/p>\n<p>El cronista Mois\u00e9s Hern\u00e1dez hizo un recuento de c\u00f3mo se desarroll\u00f3 el puerto y el papel fundamental de los sindicatos de estibadores en el desarrollo de la ciudad. El alcalde Luis Ernesto Mungu\u00eda dijo que el puerto se ha convertido en un \u00abgran destino\u00bb del pa\u00eds, sin mencionar los contrastes sociales.<\/p>\n<p>Por la tarde noche hubo m\u00fasica y lectura de poes\u00eda, as\u00ed como un pastel que fue repartido entre miles de personas. Las autoridades locales entregaron un reconocimiento a las fuerzas armadas por su participaci\u00f3n.<\/p>\n","protected":false},"excerpt":{"rendered":"<p>Puerto Vallarta celebr\u00f3 este s\u00e1bado el 107 aniversario de su fundaci\u00f3n como municipio y 57 a\u00f1os de haber sido nombrada<\/p>\n","protected":false},"author":4,"featured_media":64106,"comment_status":"closed","ping_status":"closed","sticky":false,"template":"","format":"standard","meta":{"colormag_page_container_layout":"default_layout","colormag_page_sidebar_layout":"default_layout","_jetpack_memberships_contains_paid_content":false,"footnotes":"","jetpack_publicize_message":"","jetpack_publicize_feature_enabled":true,"jetpack_social_post_already_shared":false,"jetpack_social_options":{"image_generator_settings":{"template":"highway","default_image_id":0,"font":"","enabled":false},"version":2}},"categories":[30],"tags":[],"class_list":["post-64105","post","type-post","status-publish","format-standard","has-post-thumbnail","hentry","category-estados"],"jetpack_publicize_connections":[],"jetpack_featured_media_url":"https:\/\/i0.wp.com\/politicosaldesnudo.com.mx\/wp-content\/uploads\/2025\/06\/PTOV.jpg?fit=779%2C560&ssl=1","jetpack-related-posts":[],"jetpack_sharing_enabled":true,"_links":{"self":[{"href":"https:\/\/politicosaldesnudo.com.mx\/index.php\/wp-json\/wp\/v2\/posts\/64105","targetHints":{"allow":["GET"]}}],"collection":[{"href":"https:\/\/politicosaldesnudo.com.mx\/index.php\/wp-json\/wp\/v2\/posts"}],"about":[{"href":"https:\/\/politicosaldesnudo.com.mx\/index.php\/wp-json\/wp\/v2\/types\/post"}],"author":[{"embeddable":true,"href":"https:\/\/politicosaldesnudo.com.mx\/index.php\/wp-json\/wp\/v2\/users\/4"}],"replies":[{"embeddable":true,"href":"https:\/\/politicosaldesnudo.com.mx\/index.php\/wp-json\/wp\/v2\/comments?post=64105"}],"version-history":[{"count":0,"href":"https:\/\/politicosaldesnudo.com.mx\/index.php\/wp-json\/wp\/v2\/posts\/64105\/revisions"}],"wp:featuredmedia":[{"embeddable":true,"href":"https:\/\/politicosaldesnudo.com.mx\/index.php\/wp-json\/wp\/v2\/media\/64106"}],"wp:attachment":[{"href":"https:\/\/politicosaldesnudo.com.mx\/index.php\/wp-json\/wp\/v2\/media?parent=64105"}],"wp:term":[{"taxonomy":"category","embeddable":true,"href":"https:\/\/politicosaldesnudo.com.mx\/index.php\/wp-json\/wp\/v2\/categories?post=64105"},{"taxonomy":"post_tag","embeddable":true,"href":"https:\/\/politicosaldesnudo.com.mx\/index.php\/wp-json\/wp\/v2\/tags?post=64105"}],"curies":[{"name":"wp","href":"https:\/\/api.w.org\/{rel}","templated":true}]}}