{"id":64129,"date":"2025-06-02T02:46:59","date_gmt":"2025-06-02T08:46:59","guid":{"rendered":"https:\/\/politicosaldesnudo.com.mx\/?p=64129"},"modified":"2025-06-02T02:46:59","modified_gmt":"2025-06-02T08:46:59","slug":"la-maldicion-del-poder","status":"publish","type":"post","link":"https:\/\/politicosaldesnudo.com.mx\/index.php\/2025\/06\/02\/la-maldicion-del-poder\/","title":{"rendered":"La maldici\u00f3n del poder"},"content":{"rendered":"<p>No es lo mismo estar en la oposici\u00f3n pol\u00edtica y manifestar ideales y compromisos, que estar ya instalados en el poder.<\/p>\n<p>Generalmente el poder tiene tal capacidad de fascinaci\u00f3n, que corrompe. De este modo vemos que el respeto a los otros dos poderes que L\u00f3pez Obrador prometi\u00f3 en la toma de posesi\u00f3n del cargo en 2018, lo olvid\u00f3 cuando se consolid\u00f3 en el gobierno y empez\u00f3 a confrontarse con el Poder Judicial.<\/p>\n<p>Hoy estamos frente a una aberrante realidad para un pa\u00eds que se considera democr\u00e1tico. La elecci\u00f3n de jueces, magistrados y ministros de la SCJN con base en su popularidad, carisma o simplemente la suerte.<\/p>\n<p>Todas las promesas de respeto a las instituciones aut\u00f3nomas, -as\u00ed como a los otros dos poderes-, se olvidaron bajo el influjo del poder.<\/p>\n<p>L\u00f3pez Obrador decidi\u00f3 buscar la concentraci\u00f3n de poder para garantizar durante los pr\u00f3ximos a\u00f1os la continuidad de su proyecto.<\/p>\n<p>El mismo ministro Arturo Zald\u00edvar, en ejercicio de sus funciones desestim\u00f3, -cuando apenas iniciaba el tema de la propuesta presidencial del sometimiento a elecci\u00f3n p\u00fablica de los cargos judiciales-, que fuese viable o conveniente pedir a la ciudadan\u00eda que seleccione a los juzgadores. Por tanto, el mismo Zald\u00edvar se opon\u00eda a este modelo electoral.<\/p>\n<p>Sin embargo, cuando su amigo el presidente de la rep\u00fablica tom\u00f3 la decisi\u00f3n de proponerla al Congreso, entonces Zald\u00edvar descubri\u00f3 las \u201cbondades\u201d de este sistema y se dobleg\u00f3 al poder absoluto presidencial, convirti\u00e9ndose en promotor de ella. Seguramente despu\u00e9s influy\u00f3 tambi\u00e9n el deseo de venganza por no aprobarse la extensi\u00f3n de su presidencia al frente de la Corte por dos a\u00f1os m\u00e1s, como \u201csugiri\u00f3\u201d L\u00f3pez Obrador.<\/p>\n<p>A su vez, en algunas conferencias o charlas privadas la ministra de la SCJN Loretta Ortiz Ahlf tambi\u00e9n critic\u00f3 la propuesta inicialmente, pero despu\u00e9s cambi\u00f3 de opini\u00f3n cuando L\u00f3pez Obrador impuso esta idea a la bancada de su partido. Ella se dobleg\u00f3 ante el poder de su \u201cpadrino\u201d, aunque profesionalmente lo repruebe.<\/p>\n<p>\u00bfQu\u00e9 seducci\u00f3n ejerce el poder que tiene la capacidad de trastocar los valores morales de las personas?<\/p>\n<p>Esto pone en perspectiva que es imposible confiar en ning\u00fan pol\u00edtico, pues mientras no tenga el poder puede tener buenas intenciones, pero el poder ejerce tal seducci\u00f3n que puede cambiar sus valores y conducta para cumplir sus ambiciones personales.<\/p>\n<p>Vivimos en una crisis de confianza total y absoluta, donde las palabras no cuentan, pues las promesas no reflejan lo que suceder\u00e1 en el futuro.<\/p>\n<p>En la historia de M\u00e9xico quedar\u00e1 marcada la huella de esta promesa incumplida por L\u00f3pez Obrador que cambi\u00f3 su destino.<\/p>\n<p>\u00bfA usted qu\u00e9 le parece?<\/p>\n<p><img data-recalc-dims=\"1\" loading=\"lazy\" decoding=\"async\" class=\"aligncenter size-full wp-image-64123\" src=\"https:\/\/i0.wp.com\/politicosaldesnudo.com.mx\/wp-content\/uploads\/2025\/06\/FIRMA-EDITORIAL-PD.jpg?resize=800%2C98&#038;ssl=1\" alt=\"\" width=\"800\" height=\"98\" srcset=\"https:\/\/i0.wp.com\/politicosaldesnudo.com.mx\/wp-content\/uploads\/2025\/06\/FIRMA-EDITORIAL-PD.jpg?w=1024&amp;ssl=1 1024w, https:\/\/i0.wp.com\/politicosaldesnudo.com.mx\/wp-content\/uploads\/2025\/06\/FIRMA-EDITORIAL-PD.jpg?resize=300%2C37&amp;ssl=1 300w, https:\/\/i0.wp.com\/politicosaldesnudo.com.mx\/wp-content\/uploads\/2025\/06\/FIRMA-EDITORIAL-PD.jpg?resize=768%2C94&amp;ssl=1 768w\" sizes=\"auto, (max-width: 800px) 100vw, 800px\" \/><\/p>\n","protected":false},"excerpt":{"rendered":"<p>No es lo mismo estar en la oposici\u00f3n pol\u00edtica y manifestar ideales y compromisos, que estar ya instalados en el<\/p>\n","protected":false},"author":4,"featured_media":48797,"comment_status":"closed","ping_status":"closed","sticky":false,"template":"","format":"standard","meta":{"colormag_page_container_layout":"default_layout","colormag_page_sidebar_layout":"default_layout","_jetpack_memberships_contains_paid_content":false,"footnotes":"","jetpack_publicize_message":"","jetpack_publicize_feature_enabled":true,"jetpack_social_post_already_shared":false,"jetpack_social_options":{"image_generator_settings":{"template":"highway","default_image_id":0,"font":"","enabled":false},"version":2}},"categories":[26],"tags":[],"class_list":["post-64129","post","type-post","status-publish","format-standard","has-post-thumbnail","hentry","category-columnistas"],"jetpack_publicize_connections":[],"jetpack_featured_media_url":"https:\/\/i0.wp.com\/politicosaldesnudo.com.mx\/wp-content\/uploads\/2024\/10\/RICARDO-HOMS.jpg?fit=800%2C447&ssl=1","jetpack-related-posts":[],"jetpack_sharing_enabled":true,"_links":{"self":[{"href":"https:\/\/politicosaldesnudo.com.mx\/index.php\/wp-json\/wp\/v2\/posts\/64129","targetHints":{"allow":["GET"]}}],"collection":[{"href":"https:\/\/politicosaldesnudo.com.mx\/index.php\/wp-json\/wp\/v2\/posts"}],"about":[{"href":"https:\/\/politicosaldesnudo.com.mx\/index.php\/wp-json\/wp\/v2\/types\/post"}],"author":[{"embeddable":true,"href":"https:\/\/politicosaldesnudo.com.mx\/index.php\/wp-json\/wp\/v2\/users\/4"}],"replies":[{"embeddable":true,"href":"https:\/\/politicosaldesnudo.com.mx\/index.php\/wp-json\/wp\/v2\/comments?post=64129"}],"version-history":[{"count":0,"href":"https:\/\/politicosaldesnudo.com.mx\/index.php\/wp-json\/wp\/v2\/posts\/64129\/revisions"}],"wp:featuredmedia":[{"embeddable":true,"href":"https:\/\/politicosaldesnudo.com.mx\/index.php\/wp-json\/wp\/v2\/media\/48797"}],"wp:attachment":[{"href":"https:\/\/politicosaldesnudo.com.mx\/index.php\/wp-json\/wp\/v2\/media?parent=64129"}],"wp:term":[{"taxonomy":"category","embeddable":true,"href":"https:\/\/politicosaldesnudo.com.mx\/index.php\/wp-json\/wp\/v2\/categories?post=64129"},{"taxonomy":"post_tag","embeddable":true,"href":"https:\/\/politicosaldesnudo.com.mx\/index.php\/wp-json\/wp\/v2\/tags?post=64129"}],"curies":[{"name":"wp","href":"https:\/\/api.w.org\/{rel}","templated":true}]}}