{"id":64170,"date":"2025-06-03T00:06:57","date_gmt":"2025-06-03T06:06:57","guid":{"rendered":"https:\/\/politicosaldesnudo.com.mx\/?p=64170"},"modified":"2025-06-02T20:47:05","modified_gmt":"2025-06-03T02:47:05","slug":"gobierno-mantiene-disposicion-permanente-al-dialogo-respetuoso-con-la-cnte","status":"publish","type":"post","link":"https:\/\/politicosaldesnudo.com.mx\/index.php\/2025\/06\/03\/gobierno-mantiene-disposicion-permanente-al-dialogo-respetuoso-con-la-cnte\/","title":{"rendered":"Gobierno mantiene disposici\u00f3n permanente al di\u00e1logo respetuoso con la CNTE"},"content":{"rendered":"<p class=\"nota-justify\">Luego de concluir una mesa de di\u00e1logo con integrantes de la Coordinadora Nacional de Trabajadores de la Educaci\u00f3n (CNTE), el gobierno federal expuso que la secretaria de Gobernaci\u00f3n, Rosa Icela Rodr\u00edguez Vel\u00e1zquez; el secretario de Educaci\u00f3n P\u00fablica, Mario Delgado Carrillo, y el director general del Instituto de Seguridad y Servicios Sociales de los Trabajadores del Estado (Issste), Mart\u00ed Batres Guadarrama, quienes encabezaron la reuni\u00f3n con el magisterio,\u00a0\u201cmostraron disposici\u00f3n permanente al di\u00e1logo respetuoso\u201d, pero aclararon que las propuestas planteadas desde el jueves a los docentes son \u201cdefinitivas\u201d de acuerdo a la capacidad financiera actual.<\/p>\n<p class=\"nota-justify\">\u201cDurante la reuni\u00f3n se reiter\u00f3 que la tercera respuesta, entregada el pasado mi\u00e9rcoles 28 de mayo, a su pliego petitorio, son propuestas definitivas sustentadas en la m\u00e1xima posibilidad financiera que tiene el Estado mexicano en este momento para atender las demandas planteadas\u201d, indicaron instancias federales por medio de un comunicado conjunto.<\/p>\n<p class=\"nota-justify\">Ante la exigencia de los profesores para abrogar la la Ley del Issste del 2007, explicaron que uno de los cinco puntos que presentaron a los profesores el jueves pasado representa \u201cla reforma m\u00e1s importante en 18 a\u00f1os\u201d a dichas legislaci\u00f3n, con la intenci\u00f3n de \u201crevertir el agravio del aumento de la edad de jubilaci\u00f3n e iniciar un patr\u00f3n descendente que llevar\u00eda la edad m\u00ednima de jubilaci\u00f3n en 55 a\u00f1os para hombres y 53 para mujeres en el a\u00f1o 2034\u201d.<\/p>\n<p class=\"nota-justify\">Subrayaron que para lograrlo, \u201cel esfuerzo financiero para nuestro pa\u00eds ser\u00eda de poco m\u00e1s de 93 mil millones de pesos en los pr\u00f3ximos a\u00f1os\u201d.<\/p>\n<p class=\"nota-justify\">En tanto, sobre el reciente aumento al salario del 9 por ciento retroactivo a enero y del 10 por ciento a partir de septiembre, que fue anunciado el pasado 15 de mayo, afirmaron que es el segundo incremento m\u00e1s importante en 40 a\u00f1os. \u201cEste aumento salarial implica destinar, solo para el 2025, m\u00e1s de 38 mil millones de pesos de recursos fiscales\u201d, agregaron las autoridades federales.<\/p>\n<p class=\"nota-justify\">Adem\u00e1s, apuntaron que el gobierno federal \u201cconfirma la disposici\u00f3n al di\u00e1logo permanente y hace un llamado respetuoso a las y los maestros a que se instale el Colectivo Interdisciplinario para seguir explorando mejoras al sistema de pensiones\u201d.<\/p>\n<p class=\"nota-justify\">Tambi\u00e9n, propusieron de nueva cuenta establecer una mesa de trabajo para que, derivado de la consulta escuela por escuela, se definan los tiempos, alcances y la ruta para la desaparici\u00f3n de la Unidad del Sistema para la Carrera de las Maestras y Maestros (Usicamm), \u201cy una vez que se levante la jornada de lucha, se instalen, de inmediato, mesas tripartitas locales para atender las incidencias administrativas y de gesti\u00f3n en las entidades federativas\u201d.<\/p>\n<p class=\"nota-justify\">Rumbo al cierre del ciclo escolar, reiteraron \u201cla necesidad de que las y los maestros de la CNTE reinicien las clases para concluir sin contratiempos el ciclo escolar vigente, atendiendo la exigencia manifestada por madres y padres de familia de garantizar el derecho fundamental de las ni\u00f1as y ni\u00f1os a la educaci\u00f3n y para que no haya m\u00e1s afectaciones a los habitantes de la Ciudad de M\u00e9xico\u201d.<\/p>\n<p class=\"nota-justify\">Tras el encuentro que sostuvieron este d\u00eda las autoridades federales con integrantes de la CNTE, el magisterio convoc\u00f3 a Asamblea para analizar la respuesta y acciones que tomar\u00e1n.<\/p>\n","protected":false},"excerpt":{"rendered":"<p>Luego de concluir una mesa de di\u00e1logo con integrantes de la Coordinadora Nacional de Trabajadores de la Educaci\u00f3n (CNTE), el<\/p>\n","protected":false},"author":4,"featured_media":64171,"comment_status":"closed","ping_status":"closed","sticky":false,"template":"","format":"standard","meta":{"colormag_page_container_layout":"default_layout","colormag_page_sidebar_layout":"default_layout","_jetpack_memberships_contains_paid_content":false,"footnotes":"","jetpack_publicize_message":"","jetpack_publicize_feature_enabled":true,"jetpack_social_post_already_shared":false,"jetpack_social_options":{"image_generator_settings":{"template":"highway","default_image_id":0,"font":"","enabled":false},"version":2}},"categories":[33],"tags":[],"class_list":["post-64170","post","type-post","status-publish","format-standard","has-post-thumbnail","hentry","category-nacional"],"jetpack_publicize_connections":[],"jetpack_featured_media_url":"https:\/\/i0.wp.com\/politicosaldesnudo.com.mx\/wp-content\/uploads\/2025\/06\/CNT.jpg?fit=782%2C509&ssl=1","jetpack-related-posts":[],"jetpack_sharing_enabled":true,"_links":{"self":[{"href":"https:\/\/politicosaldesnudo.com.mx\/index.php\/wp-json\/wp\/v2\/posts\/64170","targetHints":{"allow":["GET"]}}],"collection":[{"href":"https:\/\/politicosaldesnudo.com.mx\/index.php\/wp-json\/wp\/v2\/posts"}],"about":[{"href":"https:\/\/politicosaldesnudo.com.mx\/index.php\/wp-json\/wp\/v2\/types\/post"}],"author":[{"embeddable":true,"href":"https:\/\/politicosaldesnudo.com.mx\/index.php\/wp-json\/wp\/v2\/users\/4"}],"replies":[{"embeddable":true,"href":"https:\/\/politicosaldesnudo.com.mx\/index.php\/wp-json\/wp\/v2\/comments?post=64170"}],"version-history":[{"count":0,"href":"https:\/\/politicosaldesnudo.com.mx\/index.php\/wp-json\/wp\/v2\/posts\/64170\/revisions"}],"wp:featuredmedia":[{"embeddable":true,"href":"https:\/\/politicosaldesnudo.com.mx\/index.php\/wp-json\/wp\/v2\/media\/64171"}],"wp:attachment":[{"href":"https:\/\/politicosaldesnudo.com.mx\/index.php\/wp-json\/wp\/v2\/media?parent=64170"}],"wp:term":[{"taxonomy":"category","embeddable":true,"href":"https:\/\/politicosaldesnudo.com.mx\/index.php\/wp-json\/wp\/v2\/categories?post=64170"},{"taxonomy":"post_tag","embeddable":true,"href":"https:\/\/politicosaldesnudo.com.mx\/index.php\/wp-json\/wp\/v2\/tags?post=64170"}],"curies":[{"name":"wp","href":"https:\/\/api.w.org\/{rel}","templated":true}]}}