{"id":64173,"date":"2025-06-03T00:07:57","date_gmt":"2025-06-03T06:07:57","guid":{"rendered":"https:\/\/politicosaldesnudo.com.mx\/?p=64173"},"modified":"2025-06-02T20:49:02","modified_gmt":"2025-06-03T02:49:02","slug":"reporta-ine-avance-de-73-en-computo-para-eleccion-de-ministros-de-la-scjn","status":"publish","type":"post","link":"https:\/\/politicosaldesnudo.com.mx\/index.php\/2025\/06\/03\/reporta-ine-avance-de-73-en-computo-para-eleccion-de-ministros-de-la-scjn\/","title":{"rendered":"Reporta INE avance de 73% en c\u00f3mputo para elecci\u00f3n de ministros de la SCJN"},"content":{"rendered":"<p class=\"nota-justify\">Con corte a las 5 de la tarde, el Instituto Nacional Electoral (INE) dio a conocer un avance de los c\u00f3mputos distritales para la elecci\u00f3n de ministros de la Suprema Corte de Justicia de la Naci\u00f3n (SCJN), se\u00f1alando que se ha registrado el 73.81 por ciento de los resultados correspondientes a 62 mil 205 actas computadas.<\/p>\n<p class=\"nota-justify\">Asimismo, se\u00f1al\u00f3 que se han recibido en las bodegas de los Consejos Distritales el 97.22 por ciento de los paquetes electorales de 81 mil 643 casillas de 83 mil 974 casillas esperadas.<\/p>\n<p class=\"nota-justify\">En la reanudaci\u00f3n de la sesi\u00f3n del Consejo General del instituto del proceso electoral judicial, la secretaria ejecutiva, Claudia Espino, detall\u00f3 que para la elecci\u00f3n de magistraturas del Tribunal de Disciplina Judicial, se cuenta con el registro de mil 711 actas computadas, que representan apenas el un 2.03 por ciento de avance total para esta elecci\u00f3n.<\/p>\n<p class=\"nota-justify\">Mientras que para la elecci\u00f3n de magistrados de la Sala Superior del Tribunal Electoral del Poder Judicial de la Federaci\u00f3n, hay apenas 0.52 por ciento de avance correspondiente a 440 actas computadas.<\/p>\n<p class=\"nota-justify\">\u201cEs importante mencionar que en los Consejos Locales y Distritales se siguen desarrollando las sesiones de c\u00f3mputos y desde oficinas centrales se da seguimiento a esta tarea\u201d, apunt\u00f3 Espino en el \u00fanico punto que se discuti\u00f3 en la sesi\u00f3n.<\/p>\n<p class=\"nota-justify\">Respecto a la continuidad del conteo de votos, explic\u00f3 que conforme a lo previsto en los Lineamientos aprobados por este Consejo General, los Consejos Distritales podr\u00e1n decretar recesos tras 13 horas de actividad seguida, o al t\u00e9rmino del c\u00f3mputo de cada elecci\u00f3n.<\/p>\n<p class=\"nota-justify\">De ese modo, dijo, se privilegia que sean nocturnos y que se retomen las actividades del\u00a0escrutinio y c\u00f3mputo a las 8:00 horas de la ma\u00f1ana del d\u00eda siguiente.<\/p>\n","protected":false},"excerpt":{"rendered":"<p>Con corte a las 5 de la tarde, el Instituto Nacional Electoral (INE) dio a conocer un avance de los<\/p>\n","protected":false},"author":4,"featured_media":64174,"comment_status":"closed","ping_status":"closed","sticky":false,"template":"","format":"standard","meta":{"colormag_page_container_layout":"default_layout","colormag_page_sidebar_layout":"default_layout","_jetpack_memberships_contains_paid_content":false,"footnotes":"","jetpack_publicize_message":"","jetpack_publicize_feature_enabled":true,"jetpack_social_post_already_shared":false,"jetpack_social_options":{"image_generator_settings":{"template":"highway","default_image_id":0,"font":"","enabled":false},"version":2}},"categories":[33],"tags":[],"class_list":["post-64173","post","type-post","status-publish","format-standard","has-post-thumbnail","hentry","category-nacional"],"jetpack_publicize_connections":[],"jetpack_featured_media_url":"https:\/\/i0.wp.com\/politicosaldesnudo.com.mx\/wp-content\/uploads\/2025\/06\/INEEEE.jpg?fit=758%2C519&ssl=1","jetpack-related-posts":[],"jetpack_sharing_enabled":true,"_links":{"self":[{"href":"https:\/\/politicosaldesnudo.com.mx\/index.php\/wp-json\/wp\/v2\/posts\/64173","targetHints":{"allow":["GET"]}}],"collection":[{"href":"https:\/\/politicosaldesnudo.com.mx\/index.php\/wp-json\/wp\/v2\/posts"}],"about":[{"href":"https:\/\/politicosaldesnudo.com.mx\/index.php\/wp-json\/wp\/v2\/types\/post"}],"author":[{"embeddable":true,"href":"https:\/\/politicosaldesnudo.com.mx\/index.php\/wp-json\/wp\/v2\/users\/4"}],"replies":[{"embeddable":true,"href":"https:\/\/politicosaldesnudo.com.mx\/index.php\/wp-json\/wp\/v2\/comments?post=64173"}],"version-history":[{"count":0,"href":"https:\/\/politicosaldesnudo.com.mx\/index.php\/wp-json\/wp\/v2\/posts\/64173\/revisions"}],"wp:featuredmedia":[{"embeddable":true,"href":"https:\/\/politicosaldesnudo.com.mx\/index.php\/wp-json\/wp\/v2\/media\/64174"}],"wp:attachment":[{"href":"https:\/\/politicosaldesnudo.com.mx\/index.php\/wp-json\/wp\/v2\/media?parent=64173"}],"wp:term":[{"taxonomy":"category","embeddable":true,"href":"https:\/\/politicosaldesnudo.com.mx\/index.php\/wp-json\/wp\/v2\/categories?post=64173"},{"taxonomy":"post_tag","embeddable":true,"href":"https:\/\/politicosaldesnudo.com.mx\/index.php\/wp-json\/wp\/v2\/tags?post=64173"}],"curies":[{"name":"wp","href":"https:\/\/api.w.org\/{rel}","templated":true}]}}