{"id":64342,"date":"2025-06-05T00:16:04","date_gmt":"2025-06-05T06:16:04","guid":{"rendered":"https:\/\/politicosaldesnudo.com.mx\/?p=64342"},"modified":"2025-06-04T21:45:10","modified_gmt":"2025-06-05T03:45:10","slug":"toman-docentes-de-seccion-40-de-chiapas-caseta-de-carretera-tuxtla-san-cristobal","status":"publish","type":"post","link":"https:\/\/politicosaldesnudo.com.mx\/index.php\/2025\/06\/05\/toman-docentes-de-seccion-40-de-chiapas-caseta-de-carretera-tuxtla-san-cristobal\/","title":{"rendered":"Toman docentes de secci\u00f3n 40 de Chiapas caseta de carretera Tuxtla-San Crist\u00f3bal"},"content":{"rendered":"<div id=\"article-content-tts\" class=\"nota-contenido mb-5\">\n<div id=\"content_nitf\">\n<p class=\"nota-justify\">Maestros de la denominada Asamblea Estatal Democr\u00e1tica (AED), de la Secci\u00f3n 40 del Sindicato Nacional de Trabajadores de la Educaci\u00f3n (SNTE), pertenecientes a la Coordinadora Nacional de Trabajadores de la Educaci\u00f3n (CNTE), tomaron durante seis horas este mi\u00e9rcoles la caseta de cobro de la carretera de cuota que comunica a San Crist\u00f3bal con Tuxtla Guti\u00e9rrez para exigir al gobierno federal que reciba a la comisi\u00f3n que se encuentra negociando en la Ciudad de M\u00e9xico.<\/p>\n<p class=\"nota-justify\">Armando Falconi, dirigente de la AED, explic\u00f3 que los profesores, que permanecieron de las 8 de la ma\u00f1ana a las 2 de la tarde y s\u00f3lo pidieron \u201ccooperaci\u00f3n voluntaria\u201d a los automovilistas.<\/p>\n<p class=\"nota-justify\">Manifest\u00f3 que el objetivo de la protesta fue \u201cpresionar para que sean atendidos los miembros de la Comisi\u00f3n Nacional \u00danica de Negociaci\u00f3n (CNUN) de la CNTE en la Secretar\u00eda de Gobernaci\u00f3n, en el marco del paro nacional\u201d de labores que comenz\u00f3 el 15 de mayo.<\/p>\n<p class=\"nota-justify\">\u201cQue no se pierda en las mesas de negociaci\u00f3n, lo que se gana en las calles con movilizaci\u00f3n\u201d, rechazamos la jubilaci\u00f3n con 65 a\u00f1os y el incremento a la cuota del Instituto de Instituto de Seguridad Social de los Trabajadores del Estado de Chiapas (Isstech), abrogaci\u00f3n de la ley del Instituto de Servicios y Seguridad Social de los Trabajadores al Servicio del Estado (ISSSTE)\u201d, escribieron en mantas que colocaron en la caseta.<\/p>\n<p class=\"nota-justify\">Los maestros tambi\u00e9n exigieron \u201cjubilaci\u00f3n digna, a los 30 a\u00f1os de servicio para hombres y 28 para mujeres; jubilaci\u00f3n con salario m\u00ednimo, no con UMA\u201d.<\/p>\n<\/div>\n<\/div>\n<div class=\"notas-relacionadas\"><\/div>\n<div class=\"nota-tags\"><\/div>\n","protected":false},"excerpt":{"rendered":"<p>Maestros de la denominada Asamblea Estatal Democr\u00e1tica (AED), de la Secci\u00f3n 40 del Sindicato Nacional de Trabajadores de la Educaci\u00f3n<\/p>\n","protected":false},"author":4,"featured_media":64343,"comment_status":"closed","ping_status":"closed","sticky":false,"template":"","format":"standard","meta":{"colormag_page_container_layout":"default_layout","colormag_page_sidebar_layout":"default_layout","_jetpack_memberships_contains_paid_content":false,"footnotes":"","jetpack_publicize_message":"","jetpack_publicize_feature_enabled":true,"jetpack_social_post_already_shared":false,"jetpack_social_options":{"image_generator_settings":{"template":"highway","default_image_id":0,"font":"","enabled":false},"version":2}},"categories":[30],"tags":[],"class_list":["post-64342","post","type-post","status-publish","format-standard","has-post-thumbnail","hentry","category-estados"],"jetpack_publicize_connections":[],"jetpack_featured_media_url":"https:\/\/i0.wp.com\/politicosaldesnudo.com.mx\/wp-content\/uploads\/2025\/06\/NACS.jpg?fit=744%2C411&ssl=1","jetpack-related-posts":[],"jetpack_sharing_enabled":true,"_links":{"self":[{"href":"https:\/\/politicosaldesnudo.com.mx\/index.php\/wp-json\/wp\/v2\/posts\/64342","targetHints":{"allow":["GET"]}}],"collection":[{"href":"https:\/\/politicosaldesnudo.com.mx\/index.php\/wp-json\/wp\/v2\/posts"}],"about":[{"href":"https:\/\/politicosaldesnudo.com.mx\/index.php\/wp-json\/wp\/v2\/types\/post"}],"author":[{"embeddable":true,"href":"https:\/\/politicosaldesnudo.com.mx\/index.php\/wp-json\/wp\/v2\/users\/4"}],"replies":[{"embeddable":true,"href":"https:\/\/politicosaldesnudo.com.mx\/index.php\/wp-json\/wp\/v2\/comments?post=64342"}],"version-history":[{"count":0,"href":"https:\/\/politicosaldesnudo.com.mx\/index.php\/wp-json\/wp\/v2\/posts\/64342\/revisions"}],"wp:featuredmedia":[{"embeddable":true,"href":"https:\/\/politicosaldesnudo.com.mx\/index.php\/wp-json\/wp\/v2\/media\/64343"}],"wp:attachment":[{"href":"https:\/\/politicosaldesnudo.com.mx\/index.php\/wp-json\/wp\/v2\/media?parent=64342"}],"wp:term":[{"taxonomy":"category","embeddable":true,"href":"https:\/\/politicosaldesnudo.com.mx\/index.php\/wp-json\/wp\/v2\/categories?post=64342"},{"taxonomy":"post_tag","embeddable":true,"href":"https:\/\/politicosaldesnudo.com.mx\/index.php\/wp-json\/wp\/v2\/tags?post=64342"}],"curies":[{"name":"wp","href":"https:\/\/api.w.org\/{rel}","templated":true}]}}