{"id":64348,"date":"2025-06-05T00:18:01","date_gmt":"2025-06-05T06:18:01","guid":{"rendered":"https:\/\/politicosaldesnudo.com.mx\/?p=64348"},"modified":"2025-06-04T21:49:14","modified_gmt":"2025-06-05T03:49:14","slug":"refuerza-trump-persecucion-contra-biden-y-ordena-investigarlo","status":"publish","type":"post","link":"https:\/\/politicosaldesnudo.com.mx\/index.php\/2025\/06\/05\/refuerza-trump-persecucion-contra-biden-y-ordena-investigarlo\/","title":{"rendered":"Refuerza Trump persecuci\u00f3n contra Biden y ordena investigarlo"},"content":{"rendered":"<p>El presidente Donald Trump orden\u00f3 el mi\u00e9rcoles a su administraci\u00f3n que investigue las acciones de Joe Biden como presidente, alegando que sus asesores enmascararon el \u201cdeterioro cognitivo\u201d de su predecesor y poniendo en duda la legitimidad de su uso del bol\u00edgrafo autom\u00e1tico para firmar indultos y otros documentos.<\/p>\n<p>La orden marc\u00f3 una escalada significativa en los ataques de Trump a sus adversarios pol\u00edticos y podr\u00eda sentar las bases para argumentos del republicano de que una serie de acciones de Biden como presidente fueron inv\u00e1lidas.<\/p>\n<p>El Departamento de Justicia, bajo administraciones dem\u00f3cratas y republicanas, ha reconocido el uso de un bol\u00edgrafo autom\u00e1tico para firmar leyes y emitir indultos durante d\u00e9cadas, Trump no present\u00f3 ninguna evidencia de que Biden no estuviera al tanto de las acciones tomadas en su nombre, y el poder absoluto de indulto del presidente est\u00e1 consagrado en la Constituci\u00f3n de Estados Unidos.<\/p>\n<p>\u201cEsta conspiraci\u00f3n constituye uno de los esc\u00e1ndalos m\u00e1s peligrosos y preocupantes de la historia de Estados Unidos\u201d, escribi\u00f3 Trump en un memorando. \u201cSe impidi\u00f3 deliberadamente que el p\u00fablico estadunidense descubriera qui\u00e9n ejerc\u00eda el poder ejecutivo, mientras que la firma de Biden se utilizaba en miles de documentos para lograr cambios radicales en las pol\u00edticas\u201d.<\/p>\n","protected":false},"excerpt":{"rendered":"<p>El presidente Donald Trump orden\u00f3 el mi\u00e9rcoles a su administraci\u00f3n que investigue las acciones de Joe Biden como presidente, alegando<\/p>\n","protected":false},"author":4,"featured_media":64349,"comment_status":"closed","ping_status":"closed","sticky":false,"template":"","format":"standard","meta":{"colormag_page_container_layout":"default_layout","colormag_page_sidebar_layout":"default_layout","_jetpack_memberships_contains_paid_content":false,"footnotes":"","jetpack_publicize_message":"","jetpack_publicize_feature_enabled":true,"jetpack_social_post_already_shared":false,"jetpack_social_options":{"image_generator_settings":{"template":"highway","default_image_id":0,"font":"","enabled":false},"version":2}},"categories":[28],"tags":[],"class_list":["post-64348","post","type-post","status-publish","format-standard","has-post-thumbnail","hentry","category-internacional"],"jetpack_publicize_connections":[],"jetpack_featured_media_url":"https:\/\/i0.wp.com\/politicosaldesnudo.com.mx\/wp-content\/uploads\/2025\/06\/IMBEC.jpg?fit=780%2C476&ssl=1","jetpack-related-posts":[],"jetpack_sharing_enabled":true,"_links":{"self":[{"href":"https:\/\/politicosaldesnudo.com.mx\/index.php\/wp-json\/wp\/v2\/posts\/64348","targetHints":{"allow":["GET"]}}],"collection":[{"href":"https:\/\/politicosaldesnudo.com.mx\/index.php\/wp-json\/wp\/v2\/posts"}],"about":[{"href":"https:\/\/politicosaldesnudo.com.mx\/index.php\/wp-json\/wp\/v2\/types\/post"}],"author":[{"embeddable":true,"href":"https:\/\/politicosaldesnudo.com.mx\/index.php\/wp-json\/wp\/v2\/users\/4"}],"replies":[{"embeddable":true,"href":"https:\/\/politicosaldesnudo.com.mx\/index.php\/wp-json\/wp\/v2\/comments?post=64348"}],"version-history":[{"count":0,"href":"https:\/\/politicosaldesnudo.com.mx\/index.php\/wp-json\/wp\/v2\/posts\/64348\/revisions"}],"wp:featuredmedia":[{"embeddable":true,"href":"https:\/\/politicosaldesnudo.com.mx\/index.php\/wp-json\/wp\/v2\/media\/64349"}],"wp:attachment":[{"href":"https:\/\/politicosaldesnudo.com.mx\/index.php\/wp-json\/wp\/v2\/media?parent=64348"}],"wp:term":[{"taxonomy":"category","embeddable":true,"href":"https:\/\/politicosaldesnudo.com.mx\/index.php\/wp-json\/wp\/v2\/categories?post=64348"},{"taxonomy":"post_tag","embeddable":true,"href":"https:\/\/politicosaldesnudo.com.mx\/index.php\/wp-json\/wp\/v2\/tags?post=64348"}],"curies":[{"name":"wp","href":"https:\/\/api.w.org\/{rel}","templated":true}]}}