{"id":64351,"date":"2025-06-05T00:19:07","date_gmt":"2025-06-05T06:19:07","guid":{"rendered":"https:\/\/politicosaldesnudo.com.mx\/?p=64351"},"modified":"2025-06-04T21:54:10","modified_gmt":"2025-06-05T03:54:10","slug":"feministas-y-cientificos-se-unen-a-jubilados-argentinos-en-protesta-contra-milei","status":"publish","type":"post","link":"https:\/\/politicosaldesnudo.com.mx\/index.php\/2025\/06\/05\/feministas-y-cientificos-se-unen-a-jubilados-argentinos-en-protesta-contra-milei\/","title":{"rendered":"Feministas y cient\u00edficos se unen a jubilados argentinos en protesta contra Milei"},"content":{"rendered":"<p class=\"nota-justify\">Miles de manifestantes, entre ellos cient\u00edficos, feministas y personas con discapacidad se sumaron este mi\u00e9rcoles a la protesta semanal de los jubilados en Buenos Aires para reclamar contra las medidas de austeridad del gobierno de Javier Milei.<\/p>\n<p class=\"nota-justify\">Con consignas como \u00abel ajuste y la crueldad no se enfrentan en soledad\u00bb y \u00absaquen la motosierra de nuestros derechos\u00bb, los manifestantes se movilizaron en la tarde de este mi\u00e9rcoles ante un Congreso argentino vallado y con un amplio operativo de seguridad.<\/p>\n<p class=\"nota-justify\">Grupos de jubilados, acompa\u00f1ados por agrupaciones de izquierda, marchan cada mi\u00e9rcoles al Parlamento en reclamo por los bajos niveles de sus pensiones, uno de los rubros m\u00e1s afectados por los recortes presupuestarios gracias a los cuales el presidente Javier Milei consigui\u00f3 contener la inflaci\u00f3n y arreglar las cuentas.<\/p>\n<p class=\"nota-justify\">\u00abSon los jubilados los que est\u00e1n sufriendo un tercio del ajuste de la motosierra que se hizo conocida mundialmente, pero que est\u00e1 afectando mucho las condiciones de vida de la poblaci\u00f3n\u00bb, declar\u00f3 Luci Cavallero, militante feminista a la AFP durante la marcha.<\/p>\n<p class=\"nota-justify\">Las manifestaciones, cuya represi\u00f3n ha ido en aumento, ya han recibido el respaldo de hinchas de f\u00fatbol y de la Iglesia.<\/p>\n<p class=\"nota-justify\">\u00abLo m\u00e1s terrible de todo es c\u00f3mo somos reprimidos sin ning\u00fan pudor. Es muy triste a mi edad. Yo me manifiesto desde los 17 a\u00f1os y nunca pens\u00e9 tener que llegar a esto nuevamente\u00bb, coment\u00f3 Cristina Rivada, una jubilada de 74 a\u00f1os a la AFP.<\/p>\n<p class=\"nota-justify\">Desde su asunci\u00f3n en diciembre de 2023, el gobierno de Milei aplic\u00f3 un programa de reducci\u00f3n del gasto p\u00fablico de 4.7 por ciento del Producto interno Bruto (PIB), con el que redujo a la mitad el \u00edndice de inflaci\u00f3n, que pas\u00f3 del 211 por ciento en 2023 al 118 por ciento en 2024.<\/p>\n","protected":false},"excerpt":{"rendered":"<p>Miles de manifestantes, entre ellos cient\u00edficos, feministas y personas con discapacidad se sumaron este mi\u00e9rcoles a la protesta semanal de<\/p>\n","protected":false},"author":4,"featured_media":64352,"comment_status":"closed","ping_status":"closed","sticky":false,"template":"","format":"standard","meta":{"colormag_page_container_layout":"default_layout","colormag_page_sidebar_layout":"default_layout","_jetpack_memberships_contains_paid_content":false,"footnotes":"","jetpack_publicize_message":"","jetpack_publicize_feature_enabled":true,"jetpack_social_post_already_shared":false,"jetpack_social_options":{"image_generator_settings":{"template":"highway","default_image_id":0,"font":"","enabled":false},"version":2}},"categories":[28],"tags":[],"class_list":["post-64351","post","type-post","status-publish","format-standard","has-post-thumbnail","hentry","category-internacional"],"jetpack_publicize_connections":[],"jetpack_featured_media_url":"https:\/\/i0.wp.com\/politicosaldesnudo.com.mx\/wp-content\/uploads\/2025\/06\/MITO.jpg?fit=613%2C415&ssl=1","jetpack-related-posts":[],"jetpack_sharing_enabled":true,"_links":{"self":[{"href":"https:\/\/politicosaldesnudo.com.mx\/index.php\/wp-json\/wp\/v2\/posts\/64351","targetHints":{"allow":["GET"]}}],"collection":[{"href":"https:\/\/politicosaldesnudo.com.mx\/index.php\/wp-json\/wp\/v2\/posts"}],"about":[{"href":"https:\/\/politicosaldesnudo.com.mx\/index.php\/wp-json\/wp\/v2\/types\/post"}],"author":[{"embeddable":true,"href":"https:\/\/politicosaldesnudo.com.mx\/index.php\/wp-json\/wp\/v2\/users\/4"}],"replies":[{"embeddable":true,"href":"https:\/\/politicosaldesnudo.com.mx\/index.php\/wp-json\/wp\/v2\/comments?post=64351"}],"version-history":[{"count":0,"href":"https:\/\/politicosaldesnudo.com.mx\/index.php\/wp-json\/wp\/v2\/posts\/64351\/revisions"}],"wp:featuredmedia":[{"embeddable":true,"href":"https:\/\/politicosaldesnudo.com.mx\/index.php\/wp-json\/wp\/v2\/media\/64352"}],"wp:attachment":[{"href":"https:\/\/politicosaldesnudo.com.mx\/index.php\/wp-json\/wp\/v2\/media?parent=64351"}],"wp:term":[{"taxonomy":"category","embeddable":true,"href":"https:\/\/politicosaldesnudo.com.mx\/index.php\/wp-json\/wp\/v2\/categories?post=64351"},{"taxonomy":"post_tag","embeddable":true,"href":"https:\/\/politicosaldesnudo.com.mx\/index.php\/wp-json\/wp\/v2\/tags?post=64351"}],"curies":[{"name":"wp","href":"https:\/\/api.w.org\/{rel}","templated":true}]}}