{"id":64416,"date":"2025-06-05T23:55:11","date_gmt":"2025-06-06T05:55:11","guid":{"rendered":"https:\/\/politicosaldesnudo.com.mx\/?p=64416"},"modified":"2025-06-05T23:55:11","modified_gmt":"2025-06-06T05:55:11","slug":"la-lista-de-convenios-del-congreso","status":"publish","type":"post","link":"https:\/\/politicosaldesnudo.com.mx\/index.php\/2025\/06\/05\/la-lista-de-convenios-del-congreso\/","title":{"rendered":"La lista de Convenios del Congreso"},"content":{"rendered":"<ul>\n<li style=\"font-weight: 400;\"><strong>Desde los primeros 15 d\u00edas del a\u00f1o se debi\u00f3 de integrar la lista de los medios<\/strong><\/li>\n<li style=\"font-weight: 400;\"><strong>Ya vamos a la mitad del a\u00f1o, todav\u00eda no se termina de elaborar<\/strong><\/li>\n<li style=\"font-weight: 400;\"><strong>Incongruente que no se est\u00e9n respetando las leyes y normas de Comunicaci\u00f3n<\/strong><\/li>\n<\/ul>\n<p style=\"font-weight: 400;\"><strong>Por Miguel \u00c1ngel Cristiani G.<\/strong><\/p>\n<p style=\"font-weight: 400;\">No obstante que de acuerdo con la Ley General de Comunicaci\u00f3n Social, -de aplicaci\u00f3n federal y en consecuencia estatal y municipal-desde los primeros 15 d\u00edas del a\u00f1o se debi\u00f3 de integrar la lista de los medios con los que se habr\u00eda de trabajar en el transcurso del a\u00f1o en el Congreso del Estado, a estas alturas del partido, cuando ya vamos a la mitad del a\u00f1o, todav\u00eda no se termina de elaborar la famosa relaci\u00f3n, que adem\u00e1s tambi\u00e9n por ley y transparencia debe de hacerse p\u00fablica.<\/p>\n<p style=\"font-weight: 400;\">Como es bien sabido, los primeros quince d\u00edas del mes de enero de cada a\u00f1o, el \u00e1rea de Comunicaci\u00f3n Social, recibir\u00e1 la propuesta de los diferentes medios de comunicaci\u00f3n que soliciten un convenio de publicidad con el Congreso del estado, debiendo entregarlo en original y papel membretado del medio.<\/p>\n<p style=\"font-weight: 400;\">Pero ahora resulta que estamos en el mes de junio y esta es la bendita hora en que no se ha terminado de elaborar la famosa lista de convenios con medios, porque desde la Des Coordinaci\u00f3n de Comunicaci\u00f3n Social no ha podido definir cuales son con los que se trabajar\u00e1.<\/p>\n<p style=\"font-weight: 400;\">Tan sencillo como revisar la lista de medios de comunicaci\u00f3n con los que ya se ven\u00eda trabajando desde la pasada administraci\u00f3n, para depurar los que en verdad son medios de comunicaci\u00f3n y no simples p\u00e1ginitas de Facebook que solo cortan, pegan y comparten boletines.<\/p>\n<p style=\"font-weight: 400;\">Muchos de esos medios, en realidad nadie los conoce, por lo que resulta interesante que tambi\u00e9n de acuerdo con la aplicaci\u00f3n estricta de la ley, se hagan p\u00fablicos, para al menos se pueda conocer quienes son los que est\u00e1n cobrando por sus \u201cservicios\u201d.<\/p>\n<p style=\"font-weight: 400;\">Resulta incongruente que en la Des Coordinaci\u00f3n de Comunicaci\u00f3n Social del Congreso, en donde se elaboran y aprueban las leyes, no se est\u00e9 cumpliendo con las normas legales.<\/p>\n<p style=\"font-weight: 400;\">Al parecer, la estrategia que se sigui\u00f3 para elaborar la lista de medios con los que trabaja el Congreso del Estado, fue la de bajar los montos mensuales, para poder repartirlos entre m\u00e1s \u201cmedios\u201d.<\/p>\n<p style=\"font-weight: 400;\">Habr\u00e1 que revisar esa lista de medios beneficiados, los montos, no vaya a ser que se encuentren sorpresas como que el medio de comunicaci\u00f3n del ahora funcionario p\u00fablico, tambi\u00e9n ha sido seleccionado para cobrar doble, como des coordinador y como medio. Amen de lo que ya cobra en algunos municipios.<\/p>\n<p style=\"font-weight: 400;\">Claro que todo eso es ilegal, porque se est\u00e1 violando flagantemente la Ley General de Comunicaci\u00f3n Social y la de Responsabilidades de los funcionaros p\u00fablicos, que se ignora o desconoce, pero no significa que pueda ser nulificada su aplicaci\u00f3n.<\/p>\n<p style=\"font-weight: 400;\">Tambi\u00e9n habr\u00e1 que revisar los requisitos que se supone piden a cada uno de los medios que solicitan la contrataci\u00f3n y que son los siguientes, nada m\u00e1s, como para ver si esos feibookceros los cumplen:<\/p>\n<ol>\n<li style=\"font-weight: 400;\">INFORMACI\u00d3N GENERAL DEL MEDIO (La misma que se presenta en la solicitud de inscripci\u00f3n al Padr\u00f3n Estatal)<\/li>\n<li style=\"font-weight: 400;\">ALCANCE GEOGR\u00c1FICO\u00a0<strong>CON ANAL\u00cdTICOS\u00a0<\/strong>(totalmente legible y gr\u00e1ficas completas)<\/li>\n<li style=\"font-weight: 400;\">TARIFAS VIGENTES<\/li>\n<li style=\"font-weight: 400;\">EVIDENCIA DE CIRCULACI\u00d3N Y COBERTURA GEOGR\u00c1FICA\u00a0<strong><u>CON ANAL\u00cdTICOS\u00a0<\/u><\/strong>(totalmente legible y gr\u00e1ficas completas)<\/li>\n<li style=\"font-weight: 400;\">P\u00daBLICO OBJETIVO\u00a0<strong><u>CON ANAL\u00cdTICOS\u00a0<\/u><\/strong>(totalmente legible y gr\u00e1ficas completas)<\/li>\n<li style=\"font-weight: 400;\">COPIA DE LA C\u00c9DULA DE INSCRIPCI\u00d3N AL PADRON ESTATAL<\/li>\n<li style=\"font-weight: 400;\">COPIA DE LA C\u00c9DULA Y SOLICITUD DE INSCRIPCI\u00d3N AL PADRON DE PROVEEDORES DEL CONGRESO DEL ESTADO.<\/li>\n<li style=\"font-weight: 400;\">COPIA DE LA CONSTANCIA DE SITUACI\u00d3N FISCAL DE HACIENDA ACTUALIZADA; Y PROPUESTA DE SERVICIOS Y ECON\u00d3MICA,\u00a0<strong>CON I.V.A INCLUIDO.<\/strong><\/li>\n<li style=\"font-weight: 400;\"><strong>NOTA IMPORTANTE: &#8211; Estos documentos se deben entregar los primeros 15 d\u00edas de enero.<\/strong><\/li>\n<\/ol>\n<p style=\"font-weight: 400;\">No estar\u00eda por dem\u00e1s, asegura Pancho L\u00f3pez el fil\u00f3sofo ateniense xalape\u00f1o, que algunos funcionarios de la 4T se dieran una lecturita de lo que significa la palabra \u201cincompatibilidad\u201d, que por cierto merece la pena ser abordada en otra Bit\u00e1cora Pol\u00edtica.<\/p>\n<p><img data-recalc-dims=\"1\" loading=\"lazy\" decoding=\"async\" class=\"aligncenter size-full wp-image-64123\" src=\"https:\/\/i0.wp.com\/politicosaldesnudo.com.mx\/wp-content\/uploads\/2025\/06\/FIRMA-EDITORIAL-PD.jpg?resize=800%2C98&#038;ssl=1\" alt=\"\" width=\"800\" height=\"98\" srcset=\"https:\/\/i0.wp.com\/politicosaldesnudo.com.mx\/wp-content\/uploads\/2025\/06\/FIRMA-EDITORIAL-PD.jpg?w=1024&amp;ssl=1 1024w, https:\/\/i0.wp.com\/politicosaldesnudo.com.mx\/wp-content\/uploads\/2025\/06\/FIRMA-EDITORIAL-PD.jpg?resize=300%2C37&amp;ssl=1 300w, https:\/\/i0.wp.com\/politicosaldesnudo.com.mx\/wp-content\/uploads\/2025\/06\/FIRMA-EDITORIAL-PD.jpg?resize=768%2C94&amp;ssl=1 768w\" sizes=\"auto, (max-width: 800px) 100vw, 800px\" \/><\/p>\n","protected":false},"excerpt":{"rendered":"<p>Desde los primeros 15 d\u00edas del a\u00f1o se debi\u00f3 de integrar la lista de los medios Ya vamos a la<\/p>\n","protected":false},"author":4,"featured_media":46060,"comment_status":"closed","ping_status":"closed","sticky":false,"template":"","format":"standard","meta":{"colormag_page_container_layout":"default_layout","colormag_page_sidebar_layout":"default_layout","_jetpack_memberships_contains_paid_content":false,"footnotes":"","jetpack_publicize_message":"","jetpack_publicize_feature_enabled":true,"jetpack_social_post_already_shared":false,"jetpack_social_options":{"image_generator_settings":{"template":"highway","default_image_id":0,"font":"","enabled":false},"version":2}},"categories":[26],"tags":[],"class_list":["post-64416","post","type-post","status-publish","format-standard","has-post-thumbnail","hentry","category-columnistas"],"jetpack_publicize_connections":[],"jetpack_featured_media_url":"https:\/\/i0.wp.com\/politicosaldesnudo.com.mx\/wp-content\/uploads\/2024\/09\/CRISTIANI-2.jpg?fit=800%2C445&ssl=1","jetpack-related-posts":[],"jetpack_sharing_enabled":true,"_links":{"self":[{"href":"https:\/\/politicosaldesnudo.com.mx\/index.php\/wp-json\/wp\/v2\/posts\/64416","targetHints":{"allow":["GET"]}}],"collection":[{"href":"https:\/\/politicosaldesnudo.com.mx\/index.php\/wp-json\/wp\/v2\/posts"}],"about":[{"href":"https:\/\/politicosaldesnudo.com.mx\/index.php\/wp-json\/wp\/v2\/types\/post"}],"author":[{"embeddable":true,"href":"https:\/\/politicosaldesnudo.com.mx\/index.php\/wp-json\/wp\/v2\/users\/4"}],"replies":[{"embeddable":true,"href":"https:\/\/politicosaldesnudo.com.mx\/index.php\/wp-json\/wp\/v2\/comments?post=64416"}],"version-history":[{"count":0,"href":"https:\/\/politicosaldesnudo.com.mx\/index.php\/wp-json\/wp\/v2\/posts\/64416\/revisions"}],"wp:featuredmedia":[{"embeddable":true,"href":"https:\/\/politicosaldesnudo.com.mx\/index.php\/wp-json\/wp\/v2\/media\/46060"}],"wp:attachment":[{"href":"https:\/\/politicosaldesnudo.com.mx\/index.php\/wp-json\/wp\/v2\/media?parent=64416"}],"wp:term":[{"taxonomy":"category","embeddable":true,"href":"https:\/\/politicosaldesnudo.com.mx\/index.php\/wp-json\/wp\/v2\/categories?post=64416"},{"taxonomy":"post_tag","embeddable":true,"href":"https:\/\/politicosaldesnudo.com.mx\/index.php\/wp-json\/wp\/v2\/tags?post=64416"}],"curies":[{"name":"wp","href":"https:\/\/api.w.org\/{rel}","templated":true}]}}