{"id":64424,"date":"2025-06-06T00:21:28","date_gmt":"2025-06-06T06:21:28","guid":{"rendered":"https:\/\/politicosaldesnudo.com.mx\/?p=64424"},"modified":"2025-06-06T00:04:42","modified_gmt":"2025-06-06T06:04:42","slug":"el-comunicado-de-la-junta","status":"publish","type":"post","link":"https:\/\/politicosaldesnudo.com.mx\/index.php\/2025\/06\/06\/el-comunicado-de-la-junta\/","title":{"rendered":"El comunicado de la Junta"},"content":{"rendered":"<ul>\n<li style=\"font-weight: 400;\"><strong>No public\u00f3 la convocatoria para elegir al nuevo rector<\/strong><\/li>\n<li style=\"font-weight: 400;\"><strong>Ignor\u00f3 los llamados de ex miembros y ex rectores para apegarse a la ley<\/strong><\/li>\n<li style=\"font-weight: 400;\"><strong>En cambio, dio entrada a una petici\u00f3n del rector para prorrogarse en el cargo<\/strong><\/li>\n<\/ul>\n<p style=\"font-weight: 400;\"><strong>Por Miguel \u00c1ngel Cristiani G.<\/strong><\/p>\n<p style=\"font-weight: 400;\">La Junta de Gobierno de la Universidad Veracruzana que tiene como responsabilidad principal la elecci\u00f3n del rector, emiti\u00f3 este mi\u00e9rcoles por la noche un comunicado -que ya fue bajado de las redes- no como se esperaba, con la convocatoria para los aspirantes a ocupar el cargo, sino para responder a una solicitud del actual rector Mart\u00edn Aguilar S\u00e1nchez para que le sea\u00a0<strong><em>prorrogado<\/em><\/strong>\u00a0su per\u00edodo por cuatro a\u00f1os m\u00e1s.<\/p>\n<p style=\"font-weight: 400;\">En el documento se pretende justificar la petici\u00f3n, en base a la legislaci\u00f3n universitaria, pero no se menciona para nada, el hecho de que Mart\u00edn Aguilar no puede ser ratificado en el cargo, porque precisamente en los requisitos de ley se establece que deber\u00e1 de tener menos de 64 a\u00f1os de edad.<\/p>\n<p style=\"font-weight: 400;\">Mart\u00edn Aguilar ya no cumple con el requisito establecido en la Ley de Autonom\u00eda, pero todo parece indicar que la Junta de Gobierno, ya est\u00e1 perfilando cual habr\u00e1 de ser su decisi\u00f3n, para mantener en el cargo al todav\u00eda rector, hasta el 30 de agosto.<\/p>\n<p style=\"font-weight: 400;\">Este viernes habr\u00e1 una sesi\u00f3n del Consejo General Universitario, en donde luego de las presiones y amenazas a los consejeros para que voten a favor de la prorrogaci\u00f3n, se habr\u00e1 de definir si Mart\u00edn Aguilar continua en el cargo.<\/p>\n<p style=\"font-weight: 400;\">La Junta de Gobierno ignor\u00f3 las solicitudes de los ex miembros de ese organismo y de los \u00faltimos tres rectores, quienes le pidieron que cumpliera con su funci\u00f3n, convocando a todos los interesados en participar, en estricto apego a las leyes y normas. Pero adem\u00e1s con absoluta transparencia.<\/p>\n<p style=\"font-weight: 400;\">Pero a esos llamados la Junta de Gobierno los ignor\u00f3, solamente se ocup\u00f3 de dar atenci\u00f3n a la solicitud del actual rector. Lo que parece indicar que ya se tienen los datos -votos- cargados a favor de Mart\u00edn Aguilar, pese a que su administraci\u00f3n ha sido la m\u00e1s gris y sin ning\u00fan avance, sino todo lo contrario, se ha ca\u00eddo en los \u00faltimos lugares entre las universidades del pa\u00eds.<\/p>\n<p style=\"font-weight: 400;\">Parece que la Universidad Veracruzana, nuestra querida UV, nos ha dado un nuevo giro argumental digno de una telenovela de horario estelar. Y es que la Junta de Gobierno, con esa solemnidad que los caracteriza, ha soltado un comunicado que ha dejado a m\u00e1s de uno con la ceja levantada: \u00a1la prolongaci\u00f3n del per\u00edodo del rector! As\u00ed, como si nada.<\/p>\n<p style=\"font-weight: 400;\">Uno, que ya tiene m\u00e1s canas que un viejo lobo de mar en esto de la pol\u00edtica, no puede evitar sonre\u00edr. Son m\u00e1s de cincuenta a\u00f1os viendo desfilar rectores, gobernadores y presidentes, y la historia, mis amigos, siempre se repite. La UV, ese baluarte del conocimiento en Veracruz, ahora nos ofrece un nuevo cap\u00edtulo en la saga de la sucesi\u00f3n. Y no es un cap\u00edtulo cualquiera, no. Es uno de esos donde el \u00abstatus quo\u00bb parece querer echar ra\u00edces m\u00e1s profundas que un ahuehuete milenario.<\/p>\n<p style=\"font-weight: 400;\">Analicemos esto con calma, la Junta de Gobierno, ese \u00f3rgano colegiado que decide el destino de nuestra alma m\u00e1ter, ha hecho su primer movimiento. Un movimiento que, a simple vista, parece una simple formalidad. \u00abProlongaci\u00f3n del per\u00edodo del rector\u00bb. Suena inocente, \u00bfverdad? Casi como un permiso de extensi\u00f3n para entregar la tarea. Pero detr\u00e1s de esa frase, queridos lectores, se esconde una danza de intereses, de equilibrios y, por qu\u00e9 no decirlo, de un poquito de picard\u00eda pol\u00edtica.<\/p>\n<p style=\"font-weight: 400;\">La UV es un ente complejo. Es una maquinaria gigantesca con miles de estudiantes, profesores, investigadores y personal administrativo. Un cambio de rector no es cualquier cosa. Es un terremoto que sacude los cimientos. Y tal vez, solo tal vez, la Junta ha decidido que, en estos tiempos de incertidumbre global y local, lo mejor es no agitar las aguas del cambio.<\/p>\n<p style=\"font-weight: 400;\">El comunicado, con su lenguaje institucional y su tono formal, esconde una historia. Una historia que se ir\u00e1 revelando con el tiempo. Los pasillos de la rector\u00eda de la UV, esos mismos pasillos donde tantos j\u00f3venes han forjado su futuro, ahora ser\u00e1n testigos de los pr\u00f3ximos movimientos. Porque la pol\u00edtica, mis amigos, es un juego de ajedrez. Y la Junta de Gobierno acaba de mover una de sus piezas m\u00e1s importantes.<\/p>\n<p style=\"font-weight: 400;\">Y yo, solo puedo decir: \u00a1Qu\u00e9 interesante se pone esto! La UV, siempre dando de qu\u00e9 hablar. Y nosotros, los periodistas, siempre listos para contar la historia, descifrar los enigmas y, por supuesto, re\u00edrnos un poco de este eterno circo llamado pol\u00edtica universitaria. \u00a1Que siga la funci\u00f3n!<\/p>\n<p><img data-recalc-dims=\"1\" loading=\"lazy\" decoding=\"async\" class=\"aligncenter size-full wp-image-64425\" src=\"https:\/\/i0.wp.com\/politicosaldesnudo.com.mx\/wp-content\/uploads\/2025\/06\/FIRMA-EDITORIAL-PD-1.jpg?resize=800%2C98&#038;ssl=1\" alt=\"\" width=\"800\" height=\"98\" srcset=\"https:\/\/i0.wp.com\/politicosaldesnudo.com.mx\/wp-content\/uploads\/2025\/06\/FIRMA-EDITORIAL-PD-1.jpg?w=1024&amp;ssl=1 1024w, https:\/\/i0.wp.com\/politicosaldesnudo.com.mx\/wp-content\/uploads\/2025\/06\/FIRMA-EDITORIAL-PD-1.jpg?resize=300%2C37&amp;ssl=1 300w, https:\/\/i0.wp.com\/politicosaldesnudo.com.mx\/wp-content\/uploads\/2025\/06\/FIRMA-EDITORIAL-PD-1.jpg?resize=768%2C94&amp;ssl=1 768w\" sizes=\"auto, (max-width: 800px) 100vw, 800px\" \/><\/p>\n","protected":false},"excerpt":{"rendered":"<p>No public\u00f3 la convocatoria para elegir al nuevo rector Ignor\u00f3 los llamados de ex miembros y ex rectores para apegarse<\/p>\n","protected":false},"author":4,"featured_media":46060,"comment_status":"closed","ping_status":"closed","sticky":false,"template":"","format":"standard","meta":{"colormag_page_container_layout":"default_layout","colormag_page_sidebar_layout":"default_layout","_jetpack_memberships_contains_paid_content":false,"footnotes":"","jetpack_publicize_message":"","jetpack_publicize_feature_enabled":true,"jetpack_social_post_already_shared":false,"jetpack_social_options":{"image_generator_settings":{"template":"highway","default_image_id":0,"font":"","enabled":false},"version":2}},"categories":[26],"tags":[],"class_list":["post-64424","post","type-post","status-publish","format-standard","has-post-thumbnail","hentry","category-columnistas"],"jetpack_publicize_connections":[],"jetpack_featured_media_url":"https:\/\/i0.wp.com\/politicosaldesnudo.com.mx\/wp-content\/uploads\/2024\/09\/CRISTIANI-2.jpg?fit=800%2C445&ssl=1","jetpack-related-posts":[],"jetpack_sharing_enabled":true,"_links":{"self":[{"href":"https:\/\/politicosaldesnudo.com.mx\/index.php\/wp-json\/wp\/v2\/posts\/64424","targetHints":{"allow":["GET"]}}],"collection":[{"href":"https:\/\/politicosaldesnudo.com.mx\/index.php\/wp-json\/wp\/v2\/posts"}],"about":[{"href":"https:\/\/politicosaldesnudo.com.mx\/index.php\/wp-json\/wp\/v2\/types\/post"}],"author":[{"embeddable":true,"href":"https:\/\/politicosaldesnudo.com.mx\/index.php\/wp-json\/wp\/v2\/users\/4"}],"replies":[{"embeddable":true,"href":"https:\/\/politicosaldesnudo.com.mx\/index.php\/wp-json\/wp\/v2\/comments?post=64424"}],"version-history":[{"count":0,"href":"https:\/\/politicosaldesnudo.com.mx\/index.php\/wp-json\/wp\/v2\/posts\/64424\/revisions"}],"wp:featuredmedia":[{"embeddable":true,"href":"https:\/\/politicosaldesnudo.com.mx\/index.php\/wp-json\/wp\/v2\/media\/46060"}],"wp:attachment":[{"href":"https:\/\/politicosaldesnudo.com.mx\/index.php\/wp-json\/wp\/v2\/media?parent=64424"}],"wp:term":[{"taxonomy":"category","embeddable":true,"href":"https:\/\/politicosaldesnudo.com.mx\/index.php\/wp-json\/wp\/v2\/categories?post=64424"},{"taxonomy":"post_tag","embeddable":true,"href":"https:\/\/politicosaldesnudo.com.mx\/index.php\/wp-json\/wp\/v2\/tags?post=64424"}],"curies":[{"name":"wp","href":"https:\/\/api.w.org\/{rel}","templated":true}]}}