{"id":64427,"date":"2025-06-06T00:22:41","date_gmt":"2025-06-06T06:22:41","guid":{"rendered":"https:\/\/politicosaldesnudo.com.mx\/?p=64427"},"modified":"2025-06-06T00:07:11","modified_gmt":"2025-06-06T06:07:11","slug":"hacer-arder-la-uv","status":"publish","type":"post","link":"https:\/\/politicosaldesnudo.com.mx\/index.php\/2025\/06\/06\/hacer-arder-la-uv\/","title":{"rendered":"Hacer arder la UV"},"content":{"rendered":"<p>Mart\u00edn Aguilar S\u00e1nchez est\u00e1 logrando algo hist\u00f3rico, ins\u00f3lito en la Universidad Veracruzana: ha logrado unir a toda la comunidad universitaria\u2026 en su contra.<\/p>\n<p>Su ambici\u00f3n desbordada por mantenerse otros cuatro a\u00f1os al frente de la casa de estudios lo ha hecho perder todo signo de cordura, pues no solo ha deso\u00eddo todo llamado que le han hecho para no violentar la legalidad universitaria. Ya provoc\u00f3 un conflicto al interior de la UV, que con cada vez mayor estridencia est\u00e1 expresando su rechazo a la, a todas luces ileg\u00edtima pero tambi\u00e9n ilegal, pretensi\u00f3n de Aguilar de que sus cuates en la Junta de Gobierno prorroguen cuatro a\u00f1os su rectorado.<\/p>\n<p>Ileg\u00edtima, porque pretende negarle a la comunidad universitaria el derecho de evaluar lo que ha hecho en el periodo para el que fue designado \u2013de cuatro, no de ocho a\u00f1os- y de esa manera, \u201ccachetonamente\u201d, quedarse para un segundo periodo de facto, obstruyendo adem\u00e1s las aspiraciones m\u00e1s que leg\u00edtimas de otros acad\u00e9micos que proponen llevar a la Universidad por otro rumbo.<\/p>\n<p>Lo anterior tambi\u00e9n vuelve ilegal la intentona golpista de Aguilar S\u00e1nchez, que pretende borrar casi 30 a\u00f1os de procesos sucesorios en la Universidad Veracruzana aut\u00f3noma, acomod\u00e1ndose la normatividad universitaria a su antojo y conveniencia para evitar rendir cuentas. Y para eludir un tema clave en esta tragicomedia: que es inelegible.<\/p>\n<p>La Ley Org\u00e1nica establece que al momento de asumir el cargo, el rector de la UV debe tener un m\u00e1ximo de 65 a\u00f1os de edad, requisito que Aguilar cumpl\u00eda hace cuatro a\u00f1os. Pero ya no. Y como lo tiene perfectamente claro, intent\u00f3 sacar adelante una reforma a la norma para borrar ese \u201ccandado\u201d. Pero por razones que no est\u00e1n claras, eso no prosper\u00f3, a pesar de que la iniciativa ya estaba en el Congreso del Estado, presentada por \u00e9l personalmente. A los pocos d\u00edas y de manera vergonzosa, la retir\u00f3, dejando la sensaci\u00f3n de que \u201calguien\u201d le habr\u00eda pedido hacerlo. Oprobioso, indigno y rid\u00edculo.<\/p>\n<p>Con la pr\u00f3rroga, Aguilar S\u00e1nchez pretende no un segundo t\u00e9rmino, sino una extensi\u00f3n del primero, con lo cual librar\u00eda el \u201ccandado\u201d de la edad, pues para \u00e9se s\u00ed cumpl\u00eda con el requisito. Una chicanada legaloide que pretende que avalen los principales \u00f3rganos de decisi\u00f3n de la UV: la Junta de Gobierno y el Consejo Universitario General (CUG).<\/p>\n<p>Varias voces dentro de la Universidad denuncian que se est\u00e1 presionando e incluso intimidando a los integrantes de estos organismos que se oponen a lo que hay que llamar por su nombre: una vulgar imposici\u00f3n. Lo cual tambi\u00e9n violenta la legalidad interna, pues Aguilar S\u00e1nchez pretende que en su sesi\u00f3n de este viernes, el CUG se pronuncie por su permanencia, lo cual est\u00e1 fuera de sus atribuciones legales, como lo explicaron los exrectores Sara Ladr\u00f3n de Guevara y Ra\u00fal Arias Lovillo en la entrevista que le concedieron a <strong>La Clave<\/strong> el pasado mi\u00e9rcoles, en la que ambos coincidieron que lo que est\u00e1 en riesgo es la misma autonom\u00eda universitaria.<\/p>\n<p>No hay que olvidar la ya inocultada adscripci\u00f3n pol\u00edtica e ideol\u00f3gica de Mart\u00edn Aguilar al r\u00e9gimen de la mal llamada \u201ccuarta transformaci\u00f3n\u201d, que precisamente busca desaparecer la autonom\u00eda de todos los organismos e instituciones p\u00fablicas para someterlos por completo. Ya lo hicieron con los \u00f3rganos reguladores y con los garantes de la transparencia, as\u00ed como con el Poder Judicial, como atestiguamos este domingo. El siguiente objetivo son las universidades p\u00fablicas. Y la UV est\u00e1 en la mira.<\/p>\n<p>A la violaci\u00f3n a la legalidad, al autoritarismo descarado que encierra esta intentona, hay que a\u00f1adir los resultados de estos cuatro a\u00f1os de rectorado de Aguilar S\u00e1nchez: la nada. La grisura sin matices. As\u00ed como la baja competencia institucional, la pobreza de logros sustantivos y una gesti\u00f3n caracterizada por la ausencia de visi\u00f3n estrat\u00e9gica. Nada m\u00e1s por eso, Mart\u00edn Aguilar deber\u00eda, si tuviese un gramo de verg\u00fcenza, irse para su casa.<\/p>\n<p>Pero en su lugar, ha decidido incendiar la UV. Juristas, consejeros alumnos, exintegrantes de la Junta de Gobierno, miembros de centros de investigaci\u00f3n, egresados, investigadores, han manifestado su rechazo a la pretensi\u00f3n de Mart\u00edn Aguilar de consumar una imposici\u00f3n. Y convocaron a una manifestaci\u00f3n de protesta para este lunes, para exigirles al rector y a la Junta de Gobierno que cumplan con la legalidad.<\/p>\n<p>La Junta de Gobierno inici\u00f3 el tr\u00e1mite de la solicitud de Aguilar y abri\u00f3 un bizarro mecanismo de supuesta \u201cconsulta\u201d a la comunidad universitaria sobre si est\u00e1 o no de acuerdo con que se prorrogue el periodo rectoral. Pero, \u00bfdesde cu\u00e1ndo la ley se somete a consulta? M\u00e1s parece una simulaci\u00f3n \u2013al estilo del asamble\u00edsmo aborregado del morenato- para hacer como que \u201cescuchan\u201d a los universitarios y con eso \u201clavarse las manos\u201d al anunciar una decisi\u00f3n que ya tendr\u00edan tomada.<\/p>\n<p>A estas alturas y por \u201cm\u00e9rito\u201d propio, Mart\u00edn Aguilar S\u00e1nchez ya puede ser considerado como el peor rector de la historia de la Universidad Veracruzana. Pero pareciera que quiere ser recordado como aquel que la hizo arder.<\/p>\n<p><img data-recalc-dims=\"1\" loading=\"lazy\" decoding=\"async\" class=\"aligncenter size-full wp-image-64425\" src=\"https:\/\/i0.wp.com\/politicosaldesnudo.com.mx\/wp-content\/uploads\/2025\/06\/FIRMA-EDITORIAL-PD-1.jpg?resize=800%2C98&#038;ssl=1\" alt=\"\" width=\"800\" height=\"98\" srcset=\"https:\/\/i0.wp.com\/politicosaldesnudo.com.mx\/wp-content\/uploads\/2025\/06\/FIRMA-EDITORIAL-PD-1.jpg?w=1024&amp;ssl=1 1024w, https:\/\/i0.wp.com\/politicosaldesnudo.com.mx\/wp-content\/uploads\/2025\/06\/FIRMA-EDITORIAL-PD-1.jpg?resize=300%2C37&amp;ssl=1 300w, https:\/\/i0.wp.com\/politicosaldesnudo.com.mx\/wp-content\/uploads\/2025\/06\/FIRMA-EDITORIAL-PD-1.jpg?resize=768%2C94&amp;ssl=1 768w\" sizes=\"auto, (max-width: 800px) 100vw, 800px\" \/><\/p>\n","protected":false},"excerpt":{"rendered":"<p>Mart\u00edn Aguilar S\u00e1nchez est\u00e1 logrando algo hist\u00f3rico, ins\u00f3lito en la Universidad Veracruzana: ha logrado unir a toda la comunidad universitaria\u2026<\/p>\n","protected":false},"author":4,"featured_media":46001,"comment_status":"closed","ping_status":"closed","sticky":false,"template":"","format":"standard","meta":{"colormag_page_container_layout":"default_layout","colormag_page_sidebar_layout":"default_layout","_jetpack_memberships_contains_paid_content":false,"footnotes":"","jetpack_publicize_message":"","jetpack_publicize_feature_enabled":true,"jetpack_social_post_already_shared":false,"jetpack_social_options":{"image_generator_settings":{"template":"highway","default_image_id":0,"font":"","enabled":false},"version":2}},"categories":[26],"tags":[],"class_list":["post-64427","post","type-post","status-publish","format-standard","has-post-thumbnail","hentry","category-columnistas"],"jetpack_publicize_connections":[],"jetpack_featured_media_url":"https:\/\/i0.wp.com\/politicosaldesnudo.com.mx\/wp-content\/uploads\/2024\/09\/RUBICA-2.jpg?fit=800%2C445&ssl=1","jetpack-related-posts":[],"jetpack_sharing_enabled":true,"_links":{"self":[{"href":"https:\/\/politicosaldesnudo.com.mx\/index.php\/wp-json\/wp\/v2\/posts\/64427","targetHints":{"allow":["GET"]}}],"collection":[{"href":"https:\/\/politicosaldesnudo.com.mx\/index.php\/wp-json\/wp\/v2\/posts"}],"about":[{"href":"https:\/\/politicosaldesnudo.com.mx\/index.php\/wp-json\/wp\/v2\/types\/post"}],"author":[{"embeddable":true,"href":"https:\/\/politicosaldesnudo.com.mx\/index.php\/wp-json\/wp\/v2\/users\/4"}],"replies":[{"embeddable":true,"href":"https:\/\/politicosaldesnudo.com.mx\/index.php\/wp-json\/wp\/v2\/comments?post=64427"}],"version-history":[{"count":0,"href":"https:\/\/politicosaldesnudo.com.mx\/index.php\/wp-json\/wp\/v2\/posts\/64427\/revisions"}],"wp:featuredmedia":[{"embeddable":true,"href":"https:\/\/politicosaldesnudo.com.mx\/index.php\/wp-json\/wp\/v2\/media\/46001"}],"wp:attachment":[{"href":"https:\/\/politicosaldesnudo.com.mx\/index.php\/wp-json\/wp\/v2\/media?parent=64427"}],"wp:term":[{"taxonomy":"category","embeddable":true,"href":"https:\/\/politicosaldesnudo.com.mx\/index.php\/wp-json\/wp\/v2\/categories?post=64427"},{"taxonomy":"post_tag","embeddable":true,"href":"https:\/\/politicosaldesnudo.com.mx\/index.php\/wp-json\/wp\/v2\/tags?post=64427"}],"curies":[{"name":"wp","href":"https:\/\/api.w.org\/{rel}","templated":true}]}}