{"id":64555,"date":"2025-06-09T00:53:55","date_gmt":"2025-06-09T06:53:55","guid":{"rendered":"https:\/\/politicosaldesnudo.com.mx\/?p=64555"},"modified":"2025-06-09T00:53:55","modified_gmt":"2025-06-09T06:53:55","slug":"alerta-roja-en-palacio-por-el-desplome-de-remesas-principal-fuente-de-ingresos","status":"publish","type":"post","link":"https:\/\/politicosaldesnudo.com.mx\/index.php\/2025\/06\/09\/alerta-roja-en-palacio-por-el-desplome-de-remesas-principal-fuente-de-ingresos\/","title":{"rendered":"Alerta roja en Palacio por el desplome de remesas, principal fuente de ingresos"},"content":{"rendered":"<p>Las alertas alcanzan el rojo intenso.<\/p>\n<p>La principal fuente de ingresos del pa\u00eds son las remesas y empiezan a caer peligrosamente en un horizonte con nubarrones de estancamiento y riesgos de inflaci\u00f3n.<\/p>\n<p>Ha sido un orgullo de la\u00a0<strong><em>4T<\/em><\/strong>.<\/p>\n<p>En 2019,\u00a0<strong>L\u00f3pez Obrador\u00a0<\/strong>comenz\u00f3 a presumirlas como un logro de su gobierno porque sub\u00edan de manera exponencial \u2013\u201cespero que lleguen a 60 mil al final de mi administraci\u00f3n\u201d- y\u00a0<strong>Claudia Sheinbaum\u00a0<\/strong>ha elevado a nivel de h\u00e9roes a los migrantes.<\/p>\n<p>Pero hay temores.<\/p>\n<p>M\u00e1s cuando\u00a0<strong>Donald Trump\u00a0<\/strong>planea gravarlas -la C\u00e1mara de Representantes redujo el proyecto de 5 a 3.5 por ciento- y significar\u00eda una enorme sangr\u00eda para el pa\u00eds.<\/p>\n<p>Si se toma en cuenta el registro del a\u00f1o pasado -64 mil 745 millones de d\u00f3lares-, se mermarian en dos mil 745 millones de d\u00f3lares anuales con enorme impacto en las poblaciones m\u00e1s pobres, m\u00e1s alejadas y con menos oportunidades de trabajo y sustento.<\/p>\n<p><strong>ACCIONES URGENTES<\/strong><\/p>\n<p>Ahora vienen las acciones.<\/p>\n<p>La presidenta\u00a0<strong>Claudia Sheinbaum\u00a0<\/strong>ha instruido a su equipo econ\u00f3mico, con\u00a0<strong>Edgar Amador Zamora<\/strong>\u00a0de estratega, para buscar alternativas y evitar m\u00e1s da\u00f1os nacionales.<\/p>\n<p>\u00bfQu\u00e9 les pidi\u00f3 esta semana?<\/p>\n<p>Buscar medidas efectivas para ayudar a los migrantes a sortear ese 3.5 por ciento, pero tambi\u00e9n a las familias nacionales dependientes de esos sesenta y tantos mil millones de d\u00f3lares.<\/p>\n<p>Convertidos en pesos, hablamos de casi 1.3 billones de unidades de la moneda nacional.<\/p>\n<p>Por l\u00f3gica la acci\u00f3n gubernamental incluir\u00e1 asesor\u00eda para quitarles temores, porque parte de la ca\u00edda es porque se han retra\u00eddo y hasta se ocultan ante el riesgo de ser detenidos y deportados.<\/p>\n<p>Lo segundo ser\u00eda generar est\u00edmulos para evitarles p\u00e9rdidas en las remisiones -ah\u00ed est\u00e1 el Banco del Bienestar-, sobre todo a quienes en territorio nacional cambian sus giros bancarios y sufren enormes p\u00e9rdidas.<\/p>\n<p>Esto ser\u00eda imposible de superarse si no se llega a un acuerdo -tipo gasolineros- con las compa\u00f1\u00edas utilizadas para tales env\u00edos, quienes llegan a cobrar hasta 12 o 15 por ciento de comisi\u00f3n en los giros.<\/p>\n<p>La propuesta debe estar en marcha a m\u00e1s tardar en dos semanas, seg\u00fan la instrucci\u00f3n presidencial.<\/p>\n<p><strong>IMPUNIDAD CENTISTA<\/strong><\/p>\n<p>C\u00f3mo se han confundido los t\u00e9rminos.<\/p>\n<p>No se contiene la creciente violencia de la Coordinadora Nacional de Trabajadores de la Educaci\u00f3n (CNTE) para no caer en represiones, dice el discurso de Palacio Nacional.<\/p>\n<p>Aplicar la ley no es reprimir.<\/p>\n<p>Se les tolera a pesar de haberles puesto mesas de negociaci\u00f3n, extendido ofertas de entendimiento, forzado el presupuesto para el nueve y diez por ciento de incremento salarial y partidas adicionales.<\/p>\n<p>Ellos desatienden esos llamados y atacan por igual Gobernaci\u00f3n, donde los secretarios\u00a0<strong>Rosa Icela Rodr\u00edguez<\/strong>\u00a0y\u00a0<strong>Mario Delgado<\/strong>\u00a0hacen propuestas con los n\u00fameros hacendarios de\u00a0<strong>Edgar Amador Zamora<\/strong>.<\/p>\n<p>Con los mismos marros de destrucci\u00f3n ayer ingresaron y prendieron fuego a la sede del Sindicato Nacional de Trabajadores de la Educaci\u00f3n (SNTE) de\u00a0<strong>Alfonso Cepeda<\/strong>, quien respalda sus peticiones pero no sus m\u00e9todos.<\/p>\n<p>Esta violencia \u201cno contribuye a la soluci\u00f3n de las leg\u00edtimas demandas del magisterio\u201d, difundi\u00f3 ayer el maestro\u00a0<strong>Cepeda<\/strong>.<\/p>\n<p>Ofreci\u00f3 su oficio para \u201calcanzar acuerdos que beneficien a las y los trabajadores de la educaci\u00f3n y a la sociedad en su conjunto\u201d, todo por \u201cla v\u00eda institucional y el di\u00e1logo constructivo\u201d.<\/p>\n<p>Empero, anunci\u00f3: \u201cEl SNTE proceder\u00e1 con la denuncia correspondiente ante las autoridades, con el fin de que deslinden responsabilidad y se apliquen las sanciones conforme a la ley\u201d.<\/p>\n<p>Buen deseo pero, lamentamos desde aqu\u00ed, sin resultados previsibles.<\/p>\n<p><img data-recalc-dims=\"1\" loading=\"lazy\" decoding=\"async\" class=\"aligncenter size-full wp-image-64425\" src=\"https:\/\/i0.wp.com\/politicosaldesnudo.com.mx\/wp-content\/uploads\/2025\/06\/FIRMA-EDITORIAL-PD-1.jpg?resize=800%2C98&#038;ssl=1\" alt=\"\" width=\"800\" height=\"98\" srcset=\"https:\/\/i0.wp.com\/politicosaldesnudo.com.mx\/wp-content\/uploads\/2025\/06\/FIRMA-EDITORIAL-PD-1.jpg?w=1024&amp;ssl=1 1024w, https:\/\/i0.wp.com\/politicosaldesnudo.com.mx\/wp-content\/uploads\/2025\/06\/FIRMA-EDITORIAL-PD-1.jpg?resize=300%2C37&amp;ssl=1 300w, https:\/\/i0.wp.com\/politicosaldesnudo.com.mx\/wp-content\/uploads\/2025\/06\/FIRMA-EDITORIAL-PD-1.jpg?resize=768%2C94&amp;ssl=1 768w\" sizes=\"auto, (max-width: 800px) 100vw, 800px\" \/><\/p>\n","protected":false},"excerpt":{"rendered":"<p>Las alertas alcanzan el rojo intenso. La principal fuente de ingresos del pa\u00eds son las remesas y empiezan a caer<\/p>\n","protected":false},"author":4,"featured_media":51971,"comment_status":"closed","ping_status":"closed","sticky":false,"template":"","format":"standard","meta":{"colormag_page_container_layout":"default_layout","colormag_page_sidebar_layout":"default_layout","_jetpack_memberships_contains_paid_content":false,"footnotes":"","jetpack_publicize_message":"","jetpack_publicize_feature_enabled":true,"jetpack_social_post_already_shared":false,"jetpack_social_options":{"image_generator_settings":{"template":"highway","default_image_id":0,"font":"","enabled":false},"version":2}},"categories":[26],"tags":[],"class_list":["post-64555","post","type-post","status-publish","format-standard","has-post-thumbnail","hentry","category-columnistas"],"jetpack_publicize_connections":[],"jetpack_featured_media_url":"https:\/\/i0.wp.com\/politicosaldesnudo.com.mx\/wp-content\/uploads\/2024\/12\/TELEFONO-ROJO.jpg?fit=800%2C448&ssl=1","jetpack-related-posts":[],"jetpack_sharing_enabled":true,"_links":{"self":[{"href":"https:\/\/politicosaldesnudo.com.mx\/index.php\/wp-json\/wp\/v2\/posts\/64555","targetHints":{"allow":["GET"]}}],"collection":[{"href":"https:\/\/politicosaldesnudo.com.mx\/index.php\/wp-json\/wp\/v2\/posts"}],"about":[{"href":"https:\/\/politicosaldesnudo.com.mx\/index.php\/wp-json\/wp\/v2\/types\/post"}],"author":[{"embeddable":true,"href":"https:\/\/politicosaldesnudo.com.mx\/index.php\/wp-json\/wp\/v2\/users\/4"}],"replies":[{"embeddable":true,"href":"https:\/\/politicosaldesnudo.com.mx\/index.php\/wp-json\/wp\/v2\/comments?post=64555"}],"version-history":[{"count":0,"href":"https:\/\/politicosaldesnudo.com.mx\/index.php\/wp-json\/wp\/v2\/posts\/64555\/revisions"}],"wp:featuredmedia":[{"embeddable":true,"href":"https:\/\/politicosaldesnudo.com.mx\/index.php\/wp-json\/wp\/v2\/media\/51971"}],"wp:attachment":[{"href":"https:\/\/politicosaldesnudo.com.mx\/index.php\/wp-json\/wp\/v2\/media?parent=64555"}],"wp:term":[{"taxonomy":"category","embeddable":true,"href":"https:\/\/politicosaldesnudo.com.mx\/index.php\/wp-json\/wp\/v2\/categories?post=64555"},{"taxonomy":"post_tag","embeddable":true,"href":"https:\/\/politicosaldesnudo.com.mx\/index.php\/wp-json\/wp\/v2\/tags?post=64555"}],"curies":[{"name":"wp","href":"https:\/\/api.w.org\/{rel}","templated":true}]}}