{"id":64557,"date":"2025-06-09T00:55:39","date_gmt":"2025-06-09T06:55:39","guid":{"rendered":"https:\/\/politicosaldesnudo.com.mx\/?p=64557"},"modified":"2025-06-09T00:55:39","modified_gmt":"2025-06-09T06:55:39","slug":"la-soga-al-cuello-de-la-uv","status":"publish","type":"post","link":"https:\/\/politicosaldesnudo.com.mx\/index.php\/2025\/06\/09\/la-soga-al-cuello-de-la-uv\/","title":{"rendered":"La soga al cuello de la UV"},"content":{"rendered":"<p>Tras un fin de semana de verdadera furia, qued\u00f3 completamente claro que Mart\u00edn Aguilar S\u00e1nchez y su pandilla est\u00e1n decididos a dar un golpe en la Universidad Veracruzana que terminar\u00eda con su autonom\u00eda y la convertir\u00eda en un ap\u00e9ndice oprobioso de los intereses del r\u00e9gimen.<\/p>\n<p>Ni los pronunciamientos de diferentes facultades y centros de investigaci\u00f3n; ni los llamados a la cordura de exintegrantes de la Junta de Gobierno y de reconocidos juristas; ni las expresiones de rechazo a su pr\u00f3rroga que de frente y abiertamente le hicieron estudiantes y acad\u00e9micos durante el Consejo General Universitario del pasado viernes, fueron capaces de hacer mover ni un mil\u00edmetro a Aguilar S\u00e1nchez de su pretensi\u00f3n, totalmente y sin asomo de duda ileg\u00edtima y tambi\u00e9n ilegal, de extender su periodo al frente de la UV.<\/p>\n<p>Por el contrario, desde el mismo viernes y con especial \u00e9nfasis s\u00e1bado y domingo, se registr\u00f3 una andanada institucional para justificar la pr\u00f3rroga y para desacreditar la marcha que este lunes se llevar\u00e1 a cabo para protestar contra lo que representa un completo desprop\u00f3sito y, por si no bastase, un fraude a la ley.<\/p>\n<p>En cascada, diversas consejer\u00edas de alumnos y catedr\u00e1ticos se \u201cpronunciaron\u201d el fin de semana por no asistir a la marcha \u2013cuya ruta inicial iniciar\u00eda en rector\u00eda y culminar\u00eda en la sede de la Junta de Gobierno- acusando una falta de lo que llamaron \u201corganizaci\u00f3n real\u201d y el desconocimiento de los \u201cintereses detr\u00e1s\u201d de la movilizaci\u00f3n. Aunque en ninguno de esos pronunciamientos se cuestionaron los intereses que mueven los hilos de la imposici\u00f3n de Mart\u00edn Aguilar.<\/p>\n<p>La intenci\u00f3n de ello es evidente: disuadir a la comunidad universitaria de participar en la movilizaci\u00f3n para restarle impacto y con ello, seguir adelante con el plan de extender sin sustento legal el rectorado in\u00fatil de Mart\u00edn Aguilar.<\/p>\n<p>La propia exabogada general de la UV nombrada por Aguilar S\u00e1nchez al principio de su periodo, Marisol Luna Leal, explic\u00f3 la aberraci\u00f3n en la que incurre la Junta de Gobierno al pretender \u201cinventar\u201d al cuarto para las doce un procedimiento para darle vuelta al requisito de la edad, que el rector ya no cumple para un segundo periodo. \u201cNo solo se interpret\u00f3 una ley sobre la cual no se poseen atribuciones de interpretar, sino tambi\u00e9n, crearon una norma general y un proceso para una sola persona, situaci\u00f3n que vulnera los principios m\u00ednimos y b\u00e1sicos del derecho\u201d.<\/p>\n<p>Los defensores de Aguilar \u2013y del \u201chueso\u201d que les dio- juran que como la legislaci\u00f3n universitaria establece que el periodo del rector se puede prorrogar por una \u00fanica ocasi\u00f3n, eso basta para darle sustento jur\u00eddico a su intentona. Lo que no dicen es que la misma legislaci\u00f3n y sus reglamentaciones disponen de un proceso para optar por esa pr\u00f3rroga, en el que se emite una convocatoria y otros aspirantes pueden participar. En ning\u00fan lugar se incluye la opci\u00f3n de una extensi\u00f3n directa de un periodo rectoral. Y un principio b\u00e1sico del derecho se\u00f1ala que las autoridades \u2013y esto aplica tambi\u00e9n para las universitarias- est\u00e1n obligadas a cumplir con lo que estrictamente les exige la ley.<\/p>\n<p>Con total cinismo y desverg\u00fcenza, Mart\u00edn Aguilar solt\u00f3 que su deseo es que siga la \u201ctransformaci\u00f3n\u201d de la Universidad, en una clara alusi\u00f3n al eslogan propagand\u00edstico e ideol\u00f3gico de Morena. Lo que encierra la verdadera causa de la acometida contra la UV.<\/p>\n<p>Como ha sucedido en otros espacios y contextos, la Universidad Veracruzana es una especie de \u201claboratorio\u201d de lo que el morenato quiere hacer en todo el pa\u00eds: someter y controlar a las universidades p\u00fablicas. Y para eso le es preciso dinamitar la autonom\u00eda universitaria. Si hoy se permite que se designe al rector por \u201cdedazo\u201d, sin cumplir con los requisitos que marca la ley y de espaldas a la comunidad universitaria, eso se convertir\u00e1 en adelante en la norma, escrita o no, para \u00e9sta y otras instituciones de educaci\u00f3n superior. Y la decisi\u00f3n recaer\u00e1 en sumisos testaferros del r\u00e9gimen, como qued\u00f3 evidenciado en la propia Junta de Gobierno actual, integrada por operadores del oficialismo que ya tienen experiencia en la colonizaci\u00f3n de instituciones antes democr\u00e1ticas, como el INE.<\/p>\n<p>No solo se trata entonces de la extensi\u00f3n impuesta de un rectorado mediocre, servil e indigno. Lo que est\u00e1 en juego es la educaci\u00f3n p\u00fablica superior libre y plural, la autonom\u00eda de las universidades p\u00fablicas y la viabilidad misma de la generaci\u00f3n del pensamiento cr\u00edtico en libertad.<\/p>\n<p>Si la comunidad de la Universidad Veracruzana, por miedo o apat\u00eda, deja pasar este golpe, se echar\u00e1 sola la soga al cuello. Despu\u00e9s, de nada valdr\u00e1 quejarse.<\/p>\n<p><img data-recalc-dims=\"1\" loading=\"lazy\" decoding=\"async\" class=\"aligncenter size-full wp-image-64558\" src=\"https:\/\/i0.wp.com\/politicosaldesnudo.com.mx\/wp-content\/uploads\/2025\/06\/FIRMA-EDITORIAL-PD-2.jpg?resize=800%2C98&#038;ssl=1\" alt=\"\" width=\"800\" height=\"98\" srcset=\"https:\/\/i0.wp.com\/politicosaldesnudo.com.mx\/wp-content\/uploads\/2025\/06\/FIRMA-EDITORIAL-PD-2.jpg?w=1024&amp;ssl=1 1024w, https:\/\/i0.wp.com\/politicosaldesnudo.com.mx\/wp-content\/uploads\/2025\/06\/FIRMA-EDITORIAL-PD-2.jpg?resize=300%2C37&amp;ssl=1 300w, https:\/\/i0.wp.com\/politicosaldesnudo.com.mx\/wp-content\/uploads\/2025\/06\/FIRMA-EDITORIAL-PD-2.jpg?resize=768%2C94&amp;ssl=1 768w\" sizes=\"auto, (max-width: 800px) 100vw, 800px\" \/><\/p>\n","protected":false},"excerpt":{"rendered":"<p>Tras un fin de semana de verdadera furia, qued\u00f3 completamente claro que Mart\u00edn Aguilar S\u00e1nchez y su pandilla est\u00e1n decididos<\/p>\n","protected":false},"author":4,"featured_media":46001,"comment_status":"closed","ping_status":"closed","sticky":false,"template":"","format":"standard","meta":{"colormag_page_container_layout":"default_layout","colormag_page_sidebar_layout":"default_layout","_jetpack_memberships_contains_paid_content":false,"footnotes":"","jetpack_publicize_message":"","jetpack_publicize_feature_enabled":true,"jetpack_social_post_already_shared":false,"jetpack_social_options":{"image_generator_settings":{"template":"highway","default_image_id":0,"font":"","enabled":false},"version":2}},"categories":[26],"tags":[],"class_list":["post-64557","post","type-post","status-publish","format-standard","has-post-thumbnail","hentry","category-columnistas"],"jetpack_publicize_connections":[],"jetpack_featured_media_url":"https:\/\/i0.wp.com\/politicosaldesnudo.com.mx\/wp-content\/uploads\/2024\/09\/RUBICA-2.jpg?fit=800%2C445&ssl=1","jetpack-related-posts":[],"jetpack_sharing_enabled":true,"_links":{"self":[{"href":"https:\/\/politicosaldesnudo.com.mx\/index.php\/wp-json\/wp\/v2\/posts\/64557","targetHints":{"allow":["GET"]}}],"collection":[{"href":"https:\/\/politicosaldesnudo.com.mx\/index.php\/wp-json\/wp\/v2\/posts"}],"about":[{"href":"https:\/\/politicosaldesnudo.com.mx\/index.php\/wp-json\/wp\/v2\/types\/post"}],"author":[{"embeddable":true,"href":"https:\/\/politicosaldesnudo.com.mx\/index.php\/wp-json\/wp\/v2\/users\/4"}],"replies":[{"embeddable":true,"href":"https:\/\/politicosaldesnudo.com.mx\/index.php\/wp-json\/wp\/v2\/comments?post=64557"}],"version-history":[{"count":0,"href":"https:\/\/politicosaldesnudo.com.mx\/index.php\/wp-json\/wp\/v2\/posts\/64557\/revisions"}],"wp:featuredmedia":[{"embeddable":true,"href":"https:\/\/politicosaldesnudo.com.mx\/index.php\/wp-json\/wp\/v2\/media\/46001"}],"wp:attachment":[{"href":"https:\/\/politicosaldesnudo.com.mx\/index.php\/wp-json\/wp\/v2\/media?parent=64557"}],"wp:term":[{"taxonomy":"category","embeddable":true,"href":"https:\/\/politicosaldesnudo.com.mx\/index.php\/wp-json\/wp\/v2\/categories?post=64557"},{"taxonomy":"post_tag","embeddable":true,"href":"https:\/\/politicosaldesnudo.com.mx\/index.php\/wp-json\/wp\/v2\/tags?post=64557"}],"curies":[{"name":"wp","href":"https:\/\/api.w.org\/{rel}","templated":true}]}}