{"id":64595,"date":"2025-06-10T00:01:20","date_gmt":"2025-06-10T06:01:20","guid":{"rendered":"https:\/\/politicosaldesnudo.com.mx\/?p=64595"},"modified":"2025-06-09T19:02:07","modified_gmt":"2025-06-10T01:02:07","slug":"fortalecen-al-crri-con-nuevo-equipo","status":"publish","type":"post","link":"https:\/\/politicosaldesnudo.com.mx\/index.php\/2025\/06\/10\/fortalecen-al-crri-con-nuevo-equipo\/","title":{"rendered":"Fortalecen al CRRI con nuevo equipo"},"content":{"rendered":"<p>Con la intenci\u00f3n de mejorar la atenci\u00f3n que se brinda diariamente a ni\u00f1as, ni\u00f1os, j\u00f3venes y personas adultas en proceso de rehabilitaci\u00f3n, el Centro Regional de Rehabilitaci\u00f3n Integral (CRRI) recibi\u00f3 nuevo equipo, mobiliario y material terap\u00e9utico para reforzar sus servicios en \u00e1reas clave como terapia f\u00edsica, ocupacional, psicol\u00f3gica y de aprendizaje.<\/p>\n<p>Entre lo entregado se encuentran aparatos de electroterapia, un hidrocolador, materiales para ejercicio terap\u00e9utico, equipos de termoterapia, adem\u00e1s de material did\u00e1ctico que ser\u00e1 utilizado en sesiones de lenguaje, psicolog\u00eda y aprendizaje.<\/p>\n<p>Todo esto se adquiri\u00f3 con recursos propios del centro, lo que refleja el compromiso de quienes forman parte del CRRI por seguir ofreciendo un servicio profesional y con calidad humana.<\/p>\n<p>Pacientes y terapeutas coincidieron en que este nuevo material representa una mejora real para las sesiones, ya que permite aplicar t\u00e9cnicas m\u00e1s actualizadas y adaptadas a las necesidades de cada persona.<\/p>\n<p>El CRRI de Tuxpan atiende a diario a decenas de personas que acuden en busca de atenci\u00f3n especializada. Para muchas familias, este espacio representa una oportunidad de avanzar en el proceso de rehabilitaci\u00f3n de sus seres queridos sin tener que salir del municipio.<\/p>\n","protected":false},"excerpt":{"rendered":"<p>Con la intenci\u00f3n de mejorar la atenci\u00f3n que se brinda diariamente a ni\u00f1as, ni\u00f1os, j\u00f3venes y personas adultas en proceso<\/p>\n","protected":false},"author":4,"featured_media":64596,"comment_status":"closed","ping_status":"closed","sticky":false,"template":"","format":"standard","meta":{"colormag_page_container_layout":"default_layout","colormag_page_sidebar_layout":"default_layout","_jetpack_memberships_contains_paid_content":false,"footnotes":"","jetpack_publicize_message":"","jetpack_publicize_feature_enabled":true,"jetpack_social_post_already_shared":false,"jetpack_social_options":{"image_generator_settings":{"template":"highway","default_image_id":0,"font":"","enabled":false},"version":2}},"categories":[1082],"tags":[],"class_list":["post-64595","post","type-post","status-publish","format-standard","has-post-thumbnail","hentry","category-tuxpan"],"jetpack_publicize_connections":[],"jetpack_featured_media_url":"https:\/\/i0.wp.com\/politicosaldesnudo.com.mx\/wp-content\/uploads\/2025\/06\/3b1-1.jpg?fit=1200%2C715&ssl=1","jetpack-related-posts":[],"jetpack_sharing_enabled":true,"_links":{"self":[{"href":"https:\/\/politicosaldesnudo.com.mx\/index.php\/wp-json\/wp\/v2\/posts\/64595","targetHints":{"allow":["GET"]}}],"collection":[{"href":"https:\/\/politicosaldesnudo.com.mx\/index.php\/wp-json\/wp\/v2\/posts"}],"about":[{"href":"https:\/\/politicosaldesnudo.com.mx\/index.php\/wp-json\/wp\/v2\/types\/post"}],"author":[{"embeddable":true,"href":"https:\/\/politicosaldesnudo.com.mx\/index.php\/wp-json\/wp\/v2\/users\/4"}],"replies":[{"embeddable":true,"href":"https:\/\/politicosaldesnudo.com.mx\/index.php\/wp-json\/wp\/v2\/comments?post=64595"}],"version-history":[{"count":0,"href":"https:\/\/politicosaldesnudo.com.mx\/index.php\/wp-json\/wp\/v2\/posts\/64595\/revisions"}],"wp:featuredmedia":[{"embeddable":true,"href":"https:\/\/politicosaldesnudo.com.mx\/index.php\/wp-json\/wp\/v2\/media\/64596"}],"wp:attachment":[{"href":"https:\/\/politicosaldesnudo.com.mx\/index.php\/wp-json\/wp\/v2\/media?parent=64595"}],"wp:term":[{"taxonomy":"category","embeddable":true,"href":"https:\/\/politicosaldesnudo.com.mx\/index.php\/wp-json\/wp\/v2\/categories?post=64595"},{"taxonomy":"post_tag","embeddable":true,"href":"https:\/\/politicosaldesnudo.com.mx\/index.php\/wp-json\/wp\/v2\/tags?post=64595"}],"curies":[{"name":"wp","href":"https:\/\/api.w.org\/{rel}","templated":true}]}}