{"id":64631,"date":"2025-06-10T00:13:23","date_gmt":"2025-06-10T06:13:23","guid":{"rendered":"https:\/\/politicosaldesnudo.com.mx\/?p=64631"},"modified":"2025-06-09T19:35:37","modified_gmt":"2025-06-10T01:35:37","slug":"conago-expresa-preocupacion-por-redadas-en-california-y-reitera-respaldo-a-comunidades-migrantes","status":"publish","type":"post","link":"https:\/\/politicosaldesnudo.com.mx\/index.php\/2025\/06\/10\/conago-expresa-preocupacion-por-redadas-en-california-y-reitera-respaldo-a-comunidades-migrantes\/","title":{"rendered":"CONAGO expresa preocupaci\u00f3n por redadas en California y reitera respaldo a comunidades migrantes"},"content":{"rendered":"<p class=\"nota-justify\">Las y los integrantes de la Conferencia Nacional de Gobernadoras y Gobernadores (CONAGO) expresaron su profunda preocupaci\u00f3n por las recientes redadas migratorias en el estado de California, Estados Unidos, que han afectado directamente a familias mexicanas y latinoamericanas.<\/p>\n<p class=\"nota-justify\">A trav\u00e9s de un pronunciamiento oficial, las y los mandatarios estatales rechazaron cualquier medida que aliente el temor, la discriminaci\u00f3n o la fragmentaci\u00f3n social, y reafirmaron que la migraci\u00f3n debe atenderse desde un enfoque integral, con perspectiva humanitaria y respeto pleno a los derechos humanos.<\/p>\n<p class=\"nota-justify\">\u201cLa migraci\u00f3n es un fen\u00f3meno complejo que exige responsabilidad, sensibilidad y cooperaci\u00f3n entre naciones\u201d, afirmaron, en sinton\u00eda con la postura de la presidenta Claudia Sheinbaum Pardo, quien ha llamado a tratar este tema con visi\u00f3n de Estado y respeto a la dignidad de las personas.<\/p>\n<p class=\"nota-justify\">Las y los gobernadores coincidieron en que la \u00fanica forma de enfrentar eficazmente los desaf\u00edos migratorios es mediante soluciones estructurales y coordinadas, alejadas de discursos y pr\u00e1cticas excluyentes.<\/p>\n<p class=\"nota-justify\">Desde la CONAGO, tambi\u00e9n se refrend\u00f3 el compromiso de los gobiernos estatales con las y los mexicanos que radican fuera del pa\u00eds, reiterando su respaldo a las familias que han buscado mejores condiciones de vida m\u00e1s all\u00e1 de nuestras fronteras.<\/p>\n<p class=\"nota-justify\">\u201cM\u00e9xico, a trav\u00e9s de sus estados e instituciones, seguir\u00e1 trabajando para proteger y acompa\u00f1ar a nuestros paisanos con respeto, cercan\u00eda y determinaci\u00f3n\u201d, concluye el pronunciamiento firmado por la gobernadora de Baja California, Marina del Pilar \u00c1vila Olmeda, en su calidad de presidenta en turno de la CONAGO.<\/p>\n","protected":false},"excerpt":{"rendered":"<p>Las y los integrantes de la Conferencia Nacional de Gobernadoras y Gobernadores (CONAGO) expresaron su profunda preocupaci\u00f3n por las recientes<\/p>\n","protected":false},"author":4,"featured_media":64632,"comment_status":"closed","ping_status":"closed","sticky":false,"template":"","format":"standard","meta":{"colormag_page_container_layout":"default_layout","colormag_page_sidebar_layout":"default_layout","_jetpack_memberships_contains_paid_content":false,"footnotes":"","jetpack_publicize_message":"","jetpack_publicize_feature_enabled":true,"jetpack_social_post_already_shared":false,"jetpack_social_options":{"image_generator_settings":{"template":"highway","default_image_id":0,"font":"","enabled":false},"version":2}},"categories":[30],"tags":[],"class_list":["post-64631","post","type-post","status-publish","format-standard","has-post-thumbnail","hentry","category-estados"],"jetpack_publicize_connections":[],"jetpack_featured_media_url":"https:\/\/i0.wp.com\/politicosaldesnudo.com.mx\/wp-content\/uploads\/2025\/06\/conago.jpg?fit=785%2C504&ssl=1","jetpack-related-posts":[],"jetpack_sharing_enabled":true,"_links":{"self":[{"href":"https:\/\/politicosaldesnudo.com.mx\/index.php\/wp-json\/wp\/v2\/posts\/64631","targetHints":{"allow":["GET"]}}],"collection":[{"href":"https:\/\/politicosaldesnudo.com.mx\/index.php\/wp-json\/wp\/v2\/posts"}],"about":[{"href":"https:\/\/politicosaldesnudo.com.mx\/index.php\/wp-json\/wp\/v2\/types\/post"}],"author":[{"embeddable":true,"href":"https:\/\/politicosaldesnudo.com.mx\/index.php\/wp-json\/wp\/v2\/users\/4"}],"replies":[{"embeddable":true,"href":"https:\/\/politicosaldesnudo.com.mx\/index.php\/wp-json\/wp\/v2\/comments?post=64631"}],"version-history":[{"count":0,"href":"https:\/\/politicosaldesnudo.com.mx\/index.php\/wp-json\/wp\/v2\/posts\/64631\/revisions"}],"wp:featuredmedia":[{"embeddable":true,"href":"https:\/\/politicosaldesnudo.com.mx\/index.php\/wp-json\/wp\/v2\/media\/64632"}],"wp:attachment":[{"href":"https:\/\/politicosaldesnudo.com.mx\/index.php\/wp-json\/wp\/v2\/media?parent=64631"}],"wp:term":[{"taxonomy":"category","embeddable":true,"href":"https:\/\/politicosaldesnudo.com.mx\/index.php\/wp-json\/wp\/v2\/categories?post=64631"},{"taxonomy":"post_tag","embeddable":true,"href":"https:\/\/politicosaldesnudo.com.mx\/index.php\/wp-json\/wp\/v2\/tags?post=64631"}],"curies":[{"name":"wp","href":"https:\/\/api.w.org\/{rel}","templated":true}]}}