{"id":64662,"date":"2025-06-11T00:02:21","date_gmt":"2025-06-11T06:02:21","guid":{"rendered":"https:\/\/politicosaldesnudo.com.mx\/?p=64662"},"modified":"2025-06-10T21:25:49","modified_gmt":"2025-06-11T03:25:49","slug":"se-reincorporan-ediles","status":"publish","type":"post","link":"https:\/\/politicosaldesnudo.com.mx\/index.php\/2025\/06\/11\/se-reincorporan-ediles\/","title":{"rendered":"Se reincorporan ediles"},"content":{"rendered":"<p>Despu\u00e9s de un mes de licencia para apoyar proyectos pol\u00edticos, los ediles Juan G\u00f3mez, Axel Andr\u00e9s Bernal, Maryanela Monroy y la S\u00edndica Beatriz Pi\u00f1a, regresaron a sus actividades dentro del Cabildo Tuxpe\u00f1o, as\u00ed como algunos directores y dem\u00e1s personal de confianza, que solicitaron licencia.<\/p>\n<p>Su regreso marca la reanudaci\u00f3n de las actividades habituales en la administraci\u00f3n municipal tras el receso pol\u00edtico.<\/p>\n<p>En el caso del Regidor Quinto, Juan G\u00f3mez, fue visto activamente en eventos relacionados con sus comisiones, retom\u00f3 sus visitas a los emprendedores locales y particip\u00f3 en diversas actividades de beneficio social, reafirmando su apoyo a la comunidad.<\/p>\n<p>Con su reincorporaci\u00f3n, el edil dijo que busca impulsar el desarrollo y bienestar del municipio, y que espera que su experiencia y conocimientos sean cruciales para enfrentar los retos y aprovechar las oportunidades que se presenten en esta nueva etapa.<\/p>\n<p>Por su parte, el edil octavo Axel Bernal, sostuvo este lunes una reuni\u00f3n con profesores y padres de familia, con el objetivo de continuar gestionando, de forma conjunta, para mejorar las condiciones de varios centros escolares del municipio, realizando las solicitudes necesarias ante las autoridades de la SEV y Espacios Educativos.<\/p>\n","protected":false},"excerpt":{"rendered":"<p>Despu\u00e9s de un mes de licencia para apoyar proyectos pol\u00edticos, los ediles Juan G\u00f3mez, Axel Andr\u00e9s Bernal, Maryanela Monroy y<\/p>\n","protected":false},"author":4,"featured_media":64663,"comment_status":"closed","ping_status":"closed","sticky":false,"template":"","format":"standard","meta":{"colormag_page_container_layout":"default_layout","colormag_page_sidebar_layout":"default_layout","_jetpack_memberships_contains_paid_content":false,"footnotes":"","jetpack_publicize_message":"","jetpack_publicize_feature_enabled":true,"jetpack_social_post_already_shared":false,"jetpack_social_options":{"image_generator_settings":{"template":"highway","default_image_id":0,"font":"","enabled":false},"version":2}},"categories":[1082],"tags":[],"class_list":["post-64662","post","type-post","status-publish","format-standard","has-post-thumbnail","hentry","category-tuxpan"],"jetpack_publicize_connections":[],"jetpack_featured_media_url":"https:\/\/i0.wp.com\/politicosaldesnudo.com.mx\/wp-content\/uploads\/2025\/06\/WhatsApp-Image-2025-06-10-at-15.06.52-2.jpg?fit=1080%2C536&ssl=1","jetpack-related-posts":[],"jetpack_sharing_enabled":true,"_links":{"self":[{"href":"https:\/\/politicosaldesnudo.com.mx\/index.php\/wp-json\/wp\/v2\/posts\/64662","targetHints":{"allow":["GET"]}}],"collection":[{"href":"https:\/\/politicosaldesnudo.com.mx\/index.php\/wp-json\/wp\/v2\/posts"}],"about":[{"href":"https:\/\/politicosaldesnudo.com.mx\/index.php\/wp-json\/wp\/v2\/types\/post"}],"author":[{"embeddable":true,"href":"https:\/\/politicosaldesnudo.com.mx\/index.php\/wp-json\/wp\/v2\/users\/4"}],"replies":[{"embeddable":true,"href":"https:\/\/politicosaldesnudo.com.mx\/index.php\/wp-json\/wp\/v2\/comments?post=64662"}],"version-history":[{"count":0,"href":"https:\/\/politicosaldesnudo.com.mx\/index.php\/wp-json\/wp\/v2\/posts\/64662\/revisions"}],"wp:featuredmedia":[{"embeddable":true,"href":"https:\/\/politicosaldesnudo.com.mx\/index.php\/wp-json\/wp\/v2\/media\/64663"}],"wp:attachment":[{"href":"https:\/\/politicosaldesnudo.com.mx\/index.php\/wp-json\/wp\/v2\/media?parent=64662"}],"wp:term":[{"taxonomy":"category","embeddable":true,"href":"https:\/\/politicosaldesnudo.com.mx\/index.php\/wp-json\/wp\/v2\/categories?post=64662"},{"taxonomy":"post_tag","embeddable":true,"href":"https:\/\/politicosaldesnudo.com.mx\/index.php\/wp-json\/wp\/v2\/tags?post=64662"}],"curies":[{"name":"wp","href":"https:\/\/api.w.org\/{rel}","templated":true}]}}