{"id":64668,"date":"2025-06-11T00:04:43","date_gmt":"2025-06-11T06:04:43","guid":{"rendered":"https:\/\/politicosaldesnudo.com.mx\/?p=64668"},"modified":"2025-06-11T00:53:09","modified_gmt":"2025-06-11T06:53:09","slug":"empresarios-buscan-alianza-estrategica-con-el-nuevo-gobierno","status":"publish","type":"post","link":"https:\/\/politicosaldesnudo.com.mx\/index.php\/2025\/06\/11\/empresarios-buscan-alianza-estrategica-con-el-nuevo-gobierno\/","title":{"rendered":"Empresarios buscan Alianza Estrat\u00e9gica con el Nuevo Gobierno"},"content":{"rendered":"<p>En un movimiento que subraya la importancia de la colaboraci\u00f3n entre el sector privado y las autoridades, empresarios han expresado su firme intenci\u00f3n de unir esfuerzos con la pr\u00f3xima administraci\u00f3n municipal.<\/p>\n<p>El objetivo principal de esta iniciativa es impulsar el desarrollo y asegurar la prosperidad del municipio, afirm\u00f3 el Presidente de la confederada Ra\u00fal Pati\u00f1o Blanco, tras aclarar que se pudieron reunir con todos los aspirantes a la Presidencia incluido el ganador de la contienda, con qui\u00e9n firmaron acuerdos importantes para trabajar de la mano.<\/p>\n<p>L\u00edderes empresariales de diversos rubros en este puerto del norte de Veracruz, manifestaron su optimismo y la necesidad de establecer un di\u00e1logo constructivo desde el inicio con el gobierno entrante, la visi\u00f3n compartida es que, trabajando de la mano, se pueden generar las condiciones \u00f3ptimas para el crecimiento econ\u00f3mico, la creaci\u00f3n de empleos y la mejora de la calidad de vida para todos los tuxpe\u00f1os.<\/p>\n<p>\u00abEstamos convencidos de que para que a Tuxpan le vaya bien, necesitamos una sinergia total entre la iniciativa privada y el gobierno, nuestra experiencia y conocimiento del mercado, combinados con las pol\u00edticas p\u00fablicas adecuadas, pueden ser el motor que impulse a nuestro puerto a nuevas alturas\u00bb, asegur\u00f3 el l\u00edder empresarial.<\/p>\n","protected":false},"excerpt":{"rendered":"<p>En un movimiento que subraya la importancia de la colaboraci\u00f3n entre el sector privado y las autoridades, empresarios han expresado<\/p>\n","protected":false},"author":4,"featured_media":64669,"comment_status":"closed","ping_status":"closed","sticky":false,"template":"","format":"standard","meta":{"colormag_page_container_layout":"default_layout","colormag_page_sidebar_layout":"default_layout","_jetpack_memberships_contains_paid_content":false,"footnotes":"","jetpack_publicize_message":"","jetpack_publicize_feature_enabled":true,"jetpack_social_post_already_shared":false,"jetpack_social_options":{"image_generator_settings":{"template":"highway","default_image_id":0,"font":"","enabled":false},"version":2}},"categories":[1082],"tags":[],"class_list":["post-64668","post","type-post","status-publish","format-standard","has-post-thumbnail","hentry","category-tuxpan"],"jetpack_publicize_connections":[],"jetpack_featured_media_url":"https:\/\/i0.wp.com\/politicosaldesnudo.com.mx\/wp-content\/uploads\/2025\/06\/EMP.jpg?fit=960%2C720&ssl=1","jetpack-related-posts":[],"jetpack_sharing_enabled":true,"_links":{"self":[{"href":"https:\/\/politicosaldesnudo.com.mx\/index.php\/wp-json\/wp\/v2\/posts\/64668","targetHints":{"allow":["GET"]}}],"collection":[{"href":"https:\/\/politicosaldesnudo.com.mx\/index.php\/wp-json\/wp\/v2\/posts"}],"about":[{"href":"https:\/\/politicosaldesnudo.com.mx\/index.php\/wp-json\/wp\/v2\/types\/post"}],"author":[{"embeddable":true,"href":"https:\/\/politicosaldesnudo.com.mx\/index.php\/wp-json\/wp\/v2\/users\/4"}],"replies":[{"embeddable":true,"href":"https:\/\/politicosaldesnudo.com.mx\/index.php\/wp-json\/wp\/v2\/comments?post=64668"}],"version-history":[{"count":0,"href":"https:\/\/politicosaldesnudo.com.mx\/index.php\/wp-json\/wp\/v2\/posts\/64668\/revisions"}],"wp:featuredmedia":[{"embeddable":true,"href":"https:\/\/politicosaldesnudo.com.mx\/index.php\/wp-json\/wp\/v2\/media\/64669"}],"wp:attachment":[{"href":"https:\/\/politicosaldesnudo.com.mx\/index.php\/wp-json\/wp\/v2\/media?parent=64668"}],"wp:term":[{"taxonomy":"category","embeddable":true,"href":"https:\/\/politicosaldesnudo.com.mx\/index.php\/wp-json\/wp\/v2\/categories?post=64668"},{"taxonomy":"post_tag","embeddable":true,"href":"https:\/\/politicosaldesnudo.com.mx\/index.php\/wp-json\/wp\/v2\/tags?post=64668"}],"curies":[{"name":"wp","href":"https:\/\/api.w.org\/{rel}","templated":true}]}}