{"id":64671,"date":"2025-06-11T00:05:06","date_gmt":"2025-06-11T06:05:06","guid":{"rendered":"https:\/\/politicosaldesnudo.com.mx\/?p=64671"},"modified":"2025-06-10T22:26:53","modified_gmt":"2025-06-11T04:26:53","slug":"vital-asumir-compromiso-de-cuidar-mares-y-sus-ecosistemas-barcena","status":"publish","type":"post","link":"https:\/\/politicosaldesnudo.com.mx\/index.php\/2025\/06\/11\/vital-asumir-compromiso-de-cuidar-mares-y-sus-ecosistemas-barcena\/","title":{"rendered":"Vital asumir compromiso de cuidar mares y sus ecosistemas: B\u00e1rcena"},"content":{"rendered":"<p class=\"nota-justify\">En M\u00e9xico viven 21 millones de personas en casi 12 mil kil\u00f3metros de costas, por lo que es vital asumir el compromiso de cuidar los mares y sus ecosistemas ante situaciones como la contaminaci\u00f3n o los efectos de cambio clim\u00e1tico, asegur\u00f3 este martes Alicia B\u00e1rcena, titular de la Secretar\u00eda de Medio Ambiente y Recursos Naturales (Semarnat),<\/p>\n<p class=\"nota-justify\">Al participar en el debate general de la tercera Conferencia de las Naciones Unidas sobre los Oc\u00e9anos, celebrada en Niza, Francia, B\u00e1rcena que por esta raz\u00f3n \u201cnosotros estamos muy comprometidos con el Tratado sobre la Conservaci\u00f3n y el Uso Sostenible de la Biodiversidad Marina de Zonas fuera de la Jurisdicci\u00f3n Nacional, que ya se encuentra en el Senado para su ratificaci\u00f3n\u201d.<\/p>\n<p class=\"nota-justify\">Se\u00f1al\u00f3 que el gobierno de M\u00e9xico asumi\u00f3 una serie de compromisos para salvaguardar los litorales mexicanos y su riqueza ecosist\u00e9mica, la cual, reconoci\u00f3, se ha visto afectada por un modelo extractivista que por d\u00e9cadas ha pasado por alto los l\u00edmites ecol\u00f3gicos, ignorando que los recursos naturales son finitos y permitiendo el usufructo con una responsabilidad muy fr\u00e1gil.<\/p>\n<p class=\"nota-justify\">En este sentido, destac\u00f3 en primer lugar las acciones de reforestaci\u00f3n de bosques y selvas, incluidos los manglares por tratarse de un ecosistema clave para la captura de carbono: \u201cEstamos recuperando y reforestando 100 mil hect\u00e1reas de bosques y selvas, 18 mil hect\u00e1reas de manglares\u201d, precis\u00f3.<\/p>\n<p class=\"nota-justify\">Se refiri\u00f3 a la Pol\u00edtica Nacional para la Conservaci\u00f3n y Uso Sustentable de Mares, Costas Islas, con la cual se protegen 22 por ciento de las zonas marinas y la meta es llegar al menos 30 por ciento en esta administraci\u00f3n, incluido el gran acu\u00edfero Maya y el Golfo de California.<\/p>\n<p class=\"nota-justify\">La funcionaria habl\u00f3 del inicio de la Estrategia Nacional de Limpieza y Conservaci\u00f3n de Playas y Costas de M\u00e9xico 2025-2030, con la participaci\u00f3n de las comunidades para poder eliminar 100 por ciento de los pl\u00e1sticos en las costas mexicanas. \u201cEn M\u00e9xico, por ejemplo, generamos 15 mil toneladas de pl\u00e1stico diario, que se van 80 por ciento al mar y, por eso, pensamos que es tan urgente, no podemos seguir as\u00ed y debemos actuar\u201d.<\/p>\n<p class=\"nota-justify\">Sobre el sargazo, B\u00e1rcena coment\u00f3 que han llegado casi 60 mil toneladas en los \u00faltimos a\u00f1os en las costas del Caribe, por lo que se va a establecer una Planta de Econom\u00eda Circular para tratar esta alga, y se busca hacerlo en conjunto con Rep\u00fablica Dominicana y con los pa\u00edses del Caribe.<\/p>\n<p class=\"nota-justify\">Como parte de su agenda en este segundo d\u00eda de actividades, la secretaria particip\u00f3 tambi\u00e9n en los paneles Construyendo alianzas estrat\u00e9gicas para alcanzar los objetivos del proyecto Mangrove Breakthrough y Prevenci\u00f3n y reducci\u00f3n significativa de la contaminaci\u00f3n marina en todas sus formas, en particular, desde actividades basadas en tierra adentro.<\/p>\n<p class=\"nota-justify\">Adem\u00e1s, asisti\u00f3 a la conferencia de prensa para abordar el Tratado sobre la Contaminaci\u00f3n por Pl\u00e1sticos, donde hizo \u00e9nfasis que la contaminaci\u00f3n por pl\u00e1sticos no es s\u00f3lo una emergencia medioambiental, sino una amenaza para la salud humana, la biodiversidad y la sostenibilidad de las econom\u00edas.<\/p>\n<p class=\"nota-justify\">La funcionaria mexicana sostuvo encuentros bilaterales\u00a0con\u00a0el ministro de Medio Ambiente, Conservaci\u00f3n Natural y Seguridad Nuclear de Alemania, Carsten Schneider; con la ministra de Medio Ambiente de Chile,\u00a0Mar\u00eda Helo\u00edsa Rojas;\u00a0la ministra de Ambiente y Desarrollo Sostenible de Colombia,\u00a0Lena Yanina Estrada, entre otros de sus hom\u00f3logos de Am\u00e9rica Latina.<\/p>\n","protected":false},"excerpt":{"rendered":"<p>En M\u00e9xico viven 21 millones de personas en casi 12 mil kil\u00f3metros de costas, por lo que es vital asumir<\/p>\n","protected":false},"author":4,"featured_media":64672,"comment_status":"closed","ping_status":"closed","sticky":false,"template":"","format":"standard","meta":{"colormag_page_container_layout":"default_layout","colormag_page_sidebar_layout":"default_layout","_jetpack_memberships_contains_paid_content":false,"footnotes":"","jetpack_publicize_message":"","jetpack_publicize_feature_enabled":true,"jetpack_social_post_already_shared":false,"jetpack_social_options":{"image_generator_settings":{"template":"highway","default_image_id":0,"font":"","enabled":false},"version":2}},"categories":[33],"tags":[],"class_list":["post-64671","post","type-post","status-publish","format-standard","has-post-thumbnail","hentry","category-nacional"],"jetpack_publicize_connections":[],"jetpack_featured_media_url":"https:\/\/i0.wp.com\/politicosaldesnudo.com.mx\/wp-content\/uploads\/2025\/06\/ABAR.jpg?fit=522%2C323&ssl=1","jetpack-related-posts":[],"jetpack_sharing_enabled":true,"_links":{"self":[{"href":"https:\/\/politicosaldesnudo.com.mx\/index.php\/wp-json\/wp\/v2\/posts\/64671","targetHints":{"allow":["GET"]}}],"collection":[{"href":"https:\/\/politicosaldesnudo.com.mx\/index.php\/wp-json\/wp\/v2\/posts"}],"about":[{"href":"https:\/\/politicosaldesnudo.com.mx\/index.php\/wp-json\/wp\/v2\/types\/post"}],"author":[{"embeddable":true,"href":"https:\/\/politicosaldesnudo.com.mx\/index.php\/wp-json\/wp\/v2\/users\/4"}],"replies":[{"embeddable":true,"href":"https:\/\/politicosaldesnudo.com.mx\/index.php\/wp-json\/wp\/v2\/comments?post=64671"}],"version-history":[{"count":0,"href":"https:\/\/politicosaldesnudo.com.mx\/index.php\/wp-json\/wp\/v2\/posts\/64671\/revisions"}],"wp:featuredmedia":[{"embeddable":true,"href":"https:\/\/politicosaldesnudo.com.mx\/index.php\/wp-json\/wp\/v2\/media\/64672"}],"wp:attachment":[{"href":"https:\/\/politicosaldesnudo.com.mx\/index.php\/wp-json\/wp\/v2\/media?parent=64671"}],"wp:term":[{"taxonomy":"category","embeddable":true,"href":"https:\/\/politicosaldesnudo.com.mx\/index.php\/wp-json\/wp\/v2\/categories?post=64671"},{"taxonomy":"post_tag","embeddable":true,"href":"https:\/\/politicosaldesnudo.com.mx\/index.php\/wp-json\/wp\/v2\/tags?post=64671"}],"curies":[{"name":"wp","href":"https:\/\/api.w.org\/{rel}","templated":true}]}}