{"id":64674,"date":"2025-06-11T00:06:33","date_gmt":"2025-06-11T06:06:33","guid":{"rendered":"https:\/\/politicosaldesnudo.com.mx\/?p=64674"},"modified":"2025-06-10T22:28:41","modified_gmt":"2025-06-11T04:28:41","slug":"morena-y-aliados-en-senado-cierran-filas-con-sheinbaum-ante-acusaciones-en-eu","status":"publish","type":"post","link":"https:\/\/politicosaldesnudo.com.mx\/index.php\/2025\/06\/11\/morena-y-aliados-en-senado-cierran-filas-con-sheinbaum-ante-acusaciones-en-eu\/","title":{"rendered":"Morena y aliados en Senado cierran filas con Sheinbaum ante acusaciones en EU"},"content":{"rendered":"<p class=\"nota-justify\">Morena y sus aliados cerraron filas con la presidenta Claudia Sheinbaum ante las acusaciones en su contra de una funcionaria de Estados Unidos y dejaron claro que ni la mandataria ni el gobierno mexicano impulsan movilizaciones violentas en Los Angeles, California.<\/p>\n<p class=\"nota-justify\">A trav\u00e9s de un pronunciamiento p\u00fablico, los 86 senadores de Morena, PT y PVEM refutaron lo expresado por la secretaria de Seguridad de Estados Unidos, Kristi Noem, de que Sheinbaum alienta las recientes protestas violentas de migrantes mexicanos inconformes con las redades ordenadas por el presidente Trump.<\/p>\n<p class=\"nota-justify\">\u201cNosotros, precisamente, hemos sufrido por d\u00e9cadas la violencia en nuestro pa\u00eds mientras busc\u00e1bamos la democratizaci\u00f3n, y nunca ca\u00edmos en provocaciones, nos mantuvimos siempre apegados al mandato pac\u00edfico del pueblo, y as\u00ed lo demostramos en 2018, cuando con organizaci\u00f3n, conciencia y votos, derrotamos al viejo r\u00e9gimen de corrupci\u00f3n\u201d.<\/p>\n<p class=\"nota-justify\">La agenda que impulsa la presidenta Sheinbaum no s\u00f3lo busca el bienestar de M\u00e9xico, sino tambi\u00e9n de toda la regi\u00f3n. Que nadie dude, el di\u00e1logo, la resoluci\u00f3n pac\u00edfica de conflictos y el ejercicio de nuestra soberan\u00eda son los principios que nos guiaron , nos gu\u00edan y nos guiar\u00e1n siempre.<\/p>\n<p class=\"nota-justify\">El vicecoordinador de Morena, Ignacio Mier, recalc\u00f3 que Sheinbaum Pardo se ha caracterizado por su mesura, inteligencia y prudencia en la conducci\u00f3n de las relaciones internas y externas del pa\u00eds, m\u00e1s con Estados Unidos donde habitan m\u00e1s de 38 millones de personas de ascendencia mexicana.<\/p>\n<p class=\"nota-justify\">\u201cEl gobierno de Estados Unidos cuenta con uno de los mejores sistemas de inteligencia y saben que la presidenta de M\u00e9xico no est\u00e1 detr\u00e1s de ninguna protesta o movilizaci\u00f3n\u201d, recalc\u00f3 en entrevista.<\/p>\n<p class=\"nota-justify\">Igualmente, el senador Juan Carlos Loera, presidente de la Comisi\u00f3n de Asuntos Fronterizos Zona Norte, del Senado, rechaz\u00f3 tambi\u00e9n los se\u00f1alamientos de Noem e hizo notar que la presidenta Sheinbaum ha hecho un llamado expl\u00edcito al respeto de la soberan\u00eda de Estados Unidos y a actuar siempre de manera pac\u00edfica.<\/p>\n<p class=\"nota-justify\">En contraparte, la oposici\u00f3n se sum\u00f3 a las criticas de la funcionaria del gobierno de Trump. El senador panista Marko Cort\u00e9s urgi\u00f3 a la presidenta de la rep\u00fablica a deslindarse de los disturbios, porque esa \u201cviolencia verbal del gobierno claro que genera violencia.<\/p>\n<p class=\"nota-justify\">Le exigi\u00f3 adem\u00e1s que llame a los migrantes californianos a que \u201cse comporten con respeto al pa\u00eds\u201d en que residen y que \u201cse diga con claridad si esas gentes que provocaron ese tipo de hechos vienen a nuestro pa\u00eds, tienen que ser procesados ac\u00e1 tambi\u00e9n por generar violencia y mala imagen\u201d de M\u00e9xico.<\/p>\n<p class=\"nota-justify\">Igualmente el coordinador del PRI, Manuel A\u00f1orve, destac\u00f3 que el gobierno federal \u201cconfunde la diplomacia con los m\u00edtines\u201d y la pol\u00edtica exterior no es para lucirse, sino para defender a los mexicanos con seriedad.<\/p>\n<p class=\"nota-justify\">El senador y presidente del PRI, Alejandro Moreno, dijo en un mensaje en redes sociales que \u201cnunca hay que llamar a movilizar\u201d.<\/p>\n","protected":false},"excerpt":{"rendered":"<p>Morena y sus aliados cerraron filas con la presidenta Claudia Sheinbaum ante las acusaciones en su contra de una funcionaria<\/p>\n","protected":false},"author":4,"featured_media":64675,"comment_status":"closed","ping_status":"closed","sticky":false,"template":"","format":"standard","meta":{"colormag_page_container_layout":"default_layout","colormag_page_sidebar_layout":"default_layout","_jetpack_memberships_contains_paid_content":false,"footnotes":"","jetpack_publicize_message":"","jetpack_publicize_feature_enabled":true,"jetpack_social_post_already_shared":false,"jetpack_social_options":{"image_generator_settings":{"template":"highway","default_image_id":0,"font":"","enabled":false},"version":2}},"categories":[33],"tags":[],"class_list":["post-64674","post","type-post","status-publish","format-standard","has-post-thumbnail","hentry","category-nacional"],"jetpack_publicize_connections":[],"jetpack_featured_media_url":"https:\/\/i0.wp.com\/politicosaldesnudo.com.mx\/wp-content\/uploads\/2025\/06\/ALIAD.jpg?fit=770%2C506&ssl=1","jetpack-related-posts":[],"jetpack_sharing_enabled":true,"_links":{"self":[{"href":"https:\/\/politicosaldesnudo.com.mx\/index.php\/wp-json\/wp\/v2\/posts\/64674","targetHints":{"allow":["GET"]}}],"collection":[{"href":"https:\/\/politicosaldesnudo.com.mx\/index.php\/wp-json\/wp\/v2\/posts"}],"about":[{"href":"https:\/\/politicosaldesnudo.com.mx\/index.php\/wp-json\/wp\/v2\/types\/post"}],"author":[{"embeddable":true,"href":"https:\/\/politicosaldesnudo.com.mx\/index.php\/wp-json\/wp\/v2\/users\/4"}],"replies":[{"embeddable":true,"href":"https:\/\/politicosaldesnudo.com.mx\/index.php\/wp-json\/wp\/v2\/comments?post=64674"}],"version-history":[{"count":0,"href":"https:\/\/politicosaldesnudo.com.mx\/index.php\/wp-json\/wp\/v2\/posts\/64674\/revisions"}],"wp:featuredmedia":[{"embeddable":true,"href":"https:\/\/politicosaldesnudo.com.mx\/index.php\/wp-json\/wp\/v2\/media\/64675"}],"wp:attachment":[{"href":"https:\/\/politicosaldesnudo.com.mx\/index.php\/wp-json\/wp\/v2\/media?parent=64674"}],"wp:term":[{"taxonomy":"category","embeddable":true,"href":"https:\/\/politicosaldesnudo.com.mx\/index.php\/wp-json\/wp\/v2\/categories?post=64674"},{"taxonomy":"post_tag","embeddable":true,"href":"https:\/\/politicosaldesnudo.com.mx\/index.php\/wp-json\/wp\/v2\/tags?post=64674"}],"curies":[{"name":"wp","href":"https:\/\/api.w.org\/{rel}","templated":true}]}}