{"id":64677,"date":"2025-06-11T00:07:22","date_gmt":"2025-06-11T06:07:22","guid":{"rendered":"https:\/\/politicosaldesnudo.com.mx\/?p=64677"},"modified":"2025-06-10T22:30:30","modified_gmt":"2025-06-11T04:30:30","slug":"reabre-mexico-mercado-de-importacion-de-productos-avicolas-de-brasil","status":"publish","type":"post","link":"https:\/\/politicosaldesnudo.com.mx\/index.php\/2025\/06\/11\/reabre-mexico-mercado-de-importacion-de-productos-avicolas-de-brasil\/","title":{"rendered":"Reabre M\u00e9xico mercado de importaci\u00f3n de productos av\u00edcolas de Brasil"},"content":{"rendered":"<div id=\"article-content-tts\" class=\"nota-contenido mb-5\">\n<div id=\"content_nitf\">\n<p class=\"nota-justify\">Tras suspender las importaciones a mediados de mayo pasado por un brote de influenza aviar de alta patogenicidad AH5N1, la Secretar\u00eda de Agricultura y Desarrollo Rural (Sader) inform\u00f3 este martes que se reabri\u00f3 al mercado mexicano los env\u00edos de productos av\u00edcolas desde ciertas regiones de Brasil, bajo la condici\u00f3n de garantizan plenamente la sanidad y la protecci\u00f3n de la industria nacional.<\/p>\n<p class=\"nota-justify\">Tras analizar la informaci\u00f3n epidemiol\u00f3gica por la autoridad sanitaria brasile\u00f1a, la Sader indic\u00f3 en un comunicado que la restricci\u00f3n continuar\u00e1 para las plantas productoras el estado de R\u00edo Grande Do Sul, donde se present\u00f3 el brote el pasado 16 de mayo, que significan el 5.5 por ciento de las importaciones provenientes de Brasil hac\u00eda M\u00e9xico. Detall\u00f3 que desde ese d\u00eda el Servicio Nacional de Sanidad, Inocuidad y Calidad Agroalimentaria (Senasica) solicit\u00f3 informaci\u00f3n sanitaria sobre las medidas implementadas para su control y erradicaci\u00f3n.<\/p>\n<p class=\"nota-justify\">Resalt\u00f3 que una vez que Brasil cierre de manera definitiva el brote con base en los criterios de la Organizaci\u00f3n Mundial de Sanidad Animal y provea la informaci\u00f3n epidemiol\u00f3gica suficiente al Senasica, tambi\u00e9n se podr\u00edan levantar las restricciones al estado de Rio Grande do Sul.<\/p>\n<p class=\"nota-justify\">La secretar\u00eda destac\u00f3 que otros pa\u00edses, como el Reino Unido y Jap\u00f3n, adoptan medidas equivalentes, que incluyen a mercanc\u00edas como carne y despojos av\u00edcolas, huevo f\u00e9rtil, pollitos de hasta tres d\u00edas de edad, materia prima av\u00edcola para la elaboraci\u00f3n de alimento para mascotas y aves canoras, ornato y rapaces.<\/p>\n<p class=\"nota-justify\">Se\u00f1al\u00f3 que tom\u00f3 la medida con el prop\u00f3sito de proteger el abasto de los productos av\u00edcolas que demanda la poblaci\u00f3n mexicana. \u201cProductos como el huevo y el pollo contribuyen de manera muy destacada al consumo y a la nutrici\u00f3n de la poblaci\u00f3n\u201d, apunt\u00f3.<\/p>\n<\/div>\n<\/div>\n<div class=\"notas-relacionadas\"><\/div>\n<div class=\"nota-tags\"><\/div>\n","protected":false},"excerpt":{"rendered":"<p>Tras suspender las importaciones a mediados de mayo pasado por un brote de influenza aviar de alta patogenicidad AH5N1, la<\/p>\n","protected":false},"author":4,"featured_media":64678,"comment_status":"closed","ping_status":"closed","sticky":false,"template":"","format":"standard","meta":{"colormag_page_container_layout":"default_layout","colormag_page_sidebar_layout":"default_layout","_jetpack_memberships_contains_paid_content":false,"footnotes":"","jetpack_publicize_message":"","jetpack_publicize_feature_enabled":true,"jetpack_social_post_already_shared":false,"jetpack_social_options":{"image_generator_settings":{"template":"highway","default_image_id":0,"font":"","enabled":false},"version":2}},"categories":[33],"tags":[],"class_list":["post-64677","post","type-post","status-publish","format-standard","has-post-thumbnail","hentry","category-nacional"],"jetpack_publicize_connections":[],"jetpack_featured_media_url":"https:\/\/i0.wp.com\/politicosaldesnudo.com.mx\/wp-content\/uploads\/2025\/06\/SADEPOLL.jpg?fit=605%2C368&ssl=1","jetpack-related-posts":[],"jetpack_sharing_enabled":true,"_links":{"self":[{"href":"https:\/\/politicosaldesnudo.com.mx\/index.php\/wp-json\/wp\/v2\/posts\/64677","targetHints":{"allow":["GET"]}}],"collection":[{"href":"https:\/\/politicosaldesnudo.com.mx\/index.php\/wp-json\/wp\/v2\/posts"}],"about":[{"href":"https:\/\/politicosaldesnudo.com.mx\/index.php\/wp-json\/wp\/v2\/types\/post"}],"author":[{"embeddable":true,"href":"https:\/\/politicosaldesnudo.com.mx\/index.php\/wp-json\/wp\/v2\/users\/4"}],"replies":[{"embeddable":true,"href":"https:\/\/politicosaldesnudo.com.mx\/index.php\/wp-json\/wp\/v2\/comments?post=64677"}],"version-history":[{"count":0,"href":"https:\/\/politicosaldesnudo.com.mx\/index.php\/wp-json\/wp\/v2\/posts\/64677\/revisions"}],"wp:featuredmedia":[{"embeddable":true,"href":"https:\/\/politicosaldesnudo.com.mx\/index.php\/wp-json\/wp\/v2\/media\/64678"}],"wp:attachment":[{"href":"https:\/\/politicosaldesnudo.com.mx\/index.php\/wp-json\/wp\/v2\/media?parent=64677"}],"wp:term":[{"taxonomy":"category","embeddable":true,"href":"https:\/\/politicosaldesnudo.com.mx\/index.php\/wp-json\/wp\/v2\/categories?post=64677"},{"taxonomy":"post_tag","embeddable":true,"href":"https:\/\/politicosaldesnudo.com.mx\/index.php\/wp-json\/wp\/v2\/tags?post=64677"}],"curies":[{"name":"wp","href":"https:\/\/api.w.org\/{rel}","templated":true}]}}