{"id":64692,"date":"2025-06-11T00:12:26","date_gmt":"2025-06-11T06:12:26","guid":{"rendered":"https:\/\/politicosaldesnudo.com.mx\/?p=64692"},"modified":"2025-06-10T22:46:23","modified_gmt":"2025-06-11T04:46:23","slug":"demanda-energetica-crecera-24-a-2050-opep","status":"publish","type":"post","link":"https:\/\/politicosaldesnudo.com.mx\/index.php\/2025\/06\/11\/demanda-energetica-crecera-24-a-2050-opep\/","title":{"rendered":"Demanda energ\u00e9tica crecer\u00e1 24% a 2050: OPEP"},"content":{"rendered":"<p class=\"nota-justify\">El crecimiento de la demanda de petr\u00f3leo seguir\u00e1 siendo fuerte en las pr\u00f3ximas dos d\u00e9cadas y media, a medida que aumente la poblaci\u00f3n mundial, declar\u00f3 el martes el secretario general de la Organizaci\u00f3n de Pa\u00edses Exportadores de Petr\u00f3leo (OPEP), Haitham Al Ghais.<\/p>\n<p class=\"nota-justify\">La OPEP prev\u00e9 un aumento de 24 por ciento de las necesidades energ\u00e9ticas mundiales de aqu\u00ed a 2050, con una demanda de petr\u00f3leo superior a 120 millones de barriles por d\u00eda en ese periodo. Esta estimaci\u00f3n coincide con las Perspectivas Mundiales del Petr\u00f3leo 2024.<\/p>\n<p class=\"nota-justify\">\u201cNo hay un pico de demanda de petr\u00f3leo en el horizonte\u201d, afirm\u00f3 Al Ghais en su intervenci\u00f3n en el Global Energy Show de Calgary, Alberta.<\/p>\n<p class=\"nota-justify\">La OPEP est\u00e1 retirando sus recortes de producci\u00f3n a un ritmo m\u00e1s r\u00e1pido de lo previsto inicialmente, aumentando el bombeo en 411 mil barriles diarios en mayo, junio y julio.<\/p>\n<p class=\"nota-justify\">Los aumentos, junto con la preocupaci\u00f3n de que la guerra comercial del presidente estadunidense Donald Trump debilite la econom\u00eda mundial, han presionado los precios del petr\u00f3leo en los \u00faltimos meses.<\/p>\n<p class=\"nota-justify\">La Administraci\u00f3n de Informaci\u00f3n de Energ\u00eda de Estados Unidos (EIA) dijo el martes que espera que los precios del Brent desciendan a cerca de 60 d\u00f3lares por barril a finales de a\u00f1o y a un promedio de 59 d\u00f3lares por barril el pr\u00f3ximo a\u00f1o.<\/p>\n","protected":false},"excerpt":{"rendered":"<p>El crecimiento de la demanda de petr\u00f3leo seguir\u00e1 siendo fuerte en las pr\u00f3ximas dos d\u00e9cadas y media, a medida que<\/p>\n","protected":false},"author":4,"featured_media":64693,"comment_status":"closed","ping_status":"closed","sticky":false,"template":"","format":"standard","meta":{"colormag_page_container_layout":"default_layout","colormag_page_sidebar_layout":"default_layout","_jetpack_memberships_contains_paid_content":false,"footnotes":"","jetpack_publicize_message":"","jetpack_publicize_feature_enabled":true,"jetpack_social_post_already_shared":false,"jetpack_social_options":{"image_generator_settings":{"template":"highway","default_image_id":0,"font":"","enabled":false},"version":2}},"categories":[2050],"tags":[],"class_list":["post-64692","post","type-post","status-publish","format-standard","has-post-thumbnail","hentry","category-economia"],"jetpack_publicize_connections":[],"jetpack_featured_media_url":"https:\/\/i0.wp.com\/politicosaldesnudo.com.mx\/wp-content\/uploads\/2025\/06\/DEMEN.jpg?fit=787%2C484&ssl=1","jetpack-related-posts":[],"jetpack_sharing_enabled":true,"_links":{"self":[{"href":"https:\/\/politicosaldesnudo.com.mx\/index.php\/wp-json\/wp\/v2\/posts\/64692","targetHints":{"allow":["GET"]}}],"collection":[{"href":"https:\/\/politicosaldesnudo.com.mx\/index.php\/wp-json\/wp\/v2\/posts"}],"about":[{"href":"https:\/\/politicosaldesnudo.com.mx\/index.php\/wp-json\/wp\/v2\/types\/post"}],"author":[{"embeddable":true,"href":"https:\/\/politicosaldesnudo.com.mx\/index.php\/wp-json\/wp\/v2\/users\/4"}],"replies":[{"embeddable":true,"href":"https:\/\/politicosaldesnudo.com.mx\/index.php\/wp-json\/wp\/v2\/comments?post=64692"}],"version-history":[{"count":0,"href":"https:\/\/politicosaldesnudo.com.mx\/index.php\/wp-json\/wp\/v2\/posts\/64692\/revisions"}],"wp:featuredmedia":[{"embeddable":true,"href":"https:\/\/politicosaldesnudo.com.mx\/index.php\/wp-json\/wp\/v2\/media\/64693"}],"wp:attachment":[{"href":"https:\/\/politicosaldesnudo.com.mx\/index.php\/wp-json\/wp\/v2\/media?parent=64692"}],"wp:term":[{"taxonomy":"category","embeddable":true,"href":"https:\/\/politicosaldesnudo.com.mx\/index.php\/wp-json\/wp\/v2\/categories?post=64692"},{"taxonomy":"post_tag","embeddable":true,"href":"https:\/\/politicosaldesnudo.com.mx\/index.php\/wp-json\/wp\/v2\/tags?post=64692"}],"curies":[{"name":"wp","href":"https:\/\/api.w.org\/{rel}","templated":true}]}}