{"id":64695,"date":"2025-06-11T00:13:07","date_gmt":"2025-06-11T06:13:07","guid":{"rendered":"https:\/\/politicosaldesnudo.com.mx\/?p=64695"},"modified":"2025-06-10T22:48:10","modified_gmt":"2025-06-11T04:48:10","slug":"ciclon-tropical-barbara-se-convierte-en-baja-presion-remanente-smn","status":"publish","type":"post","link":"https:\/\/politicosaldesnudo.com.mx\/index.php\/2025\/06\/11\/ciclon-tropical-barbara-se-convierte-en-baja-presion-remanente-smn\/","title":{"rendered":"Cicl\u00f3n tropical Barbara se convierte en baja presi\u00f3n remanente: SMN"},"content":{"rendered":"<p class=\"nota-justify\">El cicl\u00f3n tropical\u00a0<i>Barbara<\/i>\u00a0se desplazar\u00e1 hacia el sur de Baja California Sur y se espera que en las pr\u00f3ximas horas se debilite a un sistema de baja presi\u00f3n remanente, inform\u00f3 este martes el Servicio Meteorol\u00f3gico Nacional (SMN).<\/p>\n<p class=\"nota-justify\">Durante el d\u00eda, el meteorol\u00f3gico indic\u00f3 que Barbara se localiza al oeste-suroeste de Cabo Corrientes, Jalisco, y al sur-sureste de Cabo San Lucas, Baja California Sur, con vientos m\u00e1ximos sostenidos de 95 kil\u00f3metros por hora, rachas de hasta 110 kil\u00f3metros por hora y desplazamiento hacia el noroeste a 13 kil\u00f3metros por hora.<\/p>\n<p class=\"nota-justify\">A paso por esta zona, donde se intensific\u00f3 como hurac\u00e1n categor\u00eda 1, ocasion\u00f3 lluvias intensas e intervalos de chubascos en Nayarit, Jalisco, Colima y Michoac\u00e1n.<\/p>\n<p class=\"nota-justify\">A su vez, la tormenta tropical\u00a0<i>Cosme<\/i>\u00a0se profundiz\u00f3 sobre el mar del Pac\u00edfico y se espera que tambi\u00e9n en los pr\u00f3ximos d\u00edas se desvanezca. Durante esta jornada se localiz\u00f3 al sur-suroeste de Cabo San Lucas, Baja California Sur, con vientos m\u00e1ximos sostenidos de 110 kil\u00f3metros por hora, rachas de hasta 140 kil\u00f3metros por hora y desplazamiento hacia el noroeste a 7 kil\u00f3metros por hora.<\/p>\n<p class=\"nota-justify\">El SMN pronostic\u00f3 que a partir de este mi\u00e9rcoles y en los pr\u00f3ximos tres d\u00edas se registrar\u00e1n fuertes lluvias en distintas zonas del pa\u00eds, principalmente en todo el Valle de M\u00e9xico, a causa de una serie de fen\u00f3menos meteorol\u00f3gicos que traen consigo grandes cantidades de humedad. Ante esto, llam\u00f3 a la poblaci\u00f3n a estar atentos de sus reportes y las recomendaciones emitidas por Protecci\u00f3n Civil.<\/p>\n","protected":false},"excerpt":{"rendered":"<p>El cicl\u00f3n tropical\u00a0Barbara\u00a0se desplazar\u00e1 hacia el sur de Baja California Sur y se espera que en las pr\u00f3ximas horas se<\/p>\n","protected":false},"author":4,"featured_media":64696,"comment_status":"closed","ping_status":"closed","sticky":false,"template":"","format":"standard","meta":{"colormag_page_container_layout":"default_layout","colormag_page_sidebar_layout":"default_layout","_jetpack_memberships_contains_paid_content":false,"footnotes":"","jetpack_publicize_message":"","jetpack_publicize_feature_enabled":true,"jetpack_social_post_already_shared":false,"jetpack_social_options":{"image_generator_settings":{"template":"highway","default_image_id":0,"font":"","enabled":false},"version":2}},"categories":[30],"tags":[],"class_list":["post-64695","post","type-post","status-publish","format-standard","has-post-thumbnail","hentry","category-estados"],"jetpack_publicize_connections":[],"jetpack_featured_media_url":"https:\/\/i0.wp.com\/politicosaldesnudo.com.mx\/wp-content\/uploads\/2025\/06\/CICLO.jpg?fit=793%2C540&ssl=1","jetpack-related-posts":[],"jetpack_sharing_enabled":true,"_links":{"self":[{"href":"https:\/\/politicosaldesnudo.com.mx\/index.php\/wp-json\/wp\/v2\/posts\/64695","targetHints":{"allow":["GET"]}}],"collection":[{"href":"https:\/\/politicosaldesnudo.com.mx\/index.php\/wp-json\/wp\/v2\/posts"}],"about":[{"href":"https:\/\/politicosaldesnudo.com.mx\/index.php\/wp-json\/wp\/v2\/types\/post"}],"author":[{"embeddable":true,"href":"https:\/\/politicosaldesnudo.com.mx\/index.php\/wp-json\/wp\/v2\/users\/4"}],"replies":[{"embeddable":true,"href":"https:\/\/politicosaldesnudo.com.mx\/index.php\/wp-json\/wp\/v2\/comments?post=64695"}],"version-history":[{"count":0,"href":"https:\/\/politicosaldesnudo.com.mx\/index.php\/wp-json\/wp\/v2\/posts\/64695\/revisions"}],"wp:featuredmedia":[{"embeddable":true,"href":"https:\/\/politicosaldesnudo.com.mx\/index.php\/wp-json\/wp\/v2\/media\/64696"}],"wp:attachment":[{"href":"https:\/\/politicosaldesnudo.com.mx\/index.php\/wp-json\/wp\/v2\/media?parent=64695"}],"wp:term":[{"taxonomy":"category","embeddable":true,"href":"https:\/\/politicosaldesnudo.com.mx\/index.php\/wp-json\/wp\/v2\/categories?post=64695"},{"taxonomy":"post_tag","embeddable":true,"href":"https:\/\/politicosaldesnudo.com.mx\/index.php\/wp-json\/wp\/v2\/tags?post=64695"}],"curies":[{"name":"wp","href":"https:\/\/api.w.org\/{rel}","templated":true}]}}