{"id":64701,"date":"2025-06-11T00:15:32","date_gmt":"2025-06-11T06:15:32","guid":{"rendered":"https:\/\/politicosaldesnudo.com.mx\/?p=64701"},"modified":"2025-06-10T22:51:35","modified_gmt":"2025-06-11T04:51:35","slug":"solo-40-de-automovilistas-en-morelos-cumplen-con-pago-de-refrendo","status":"publish","type":"post","link":"https:\/\/politicosaldesnudo.com.mx\/index.php\/2025\/06\/11\/solo-40-de-automovilistas-en-morelos-cumplen-con-pago-de-refrendo\/","title":{"rendered":"Solo 40% de automovilistas en Morelos cumplen con pago de refrendo"},"content":{"rendered":"<p>Alrededor del 40 por ciento de los integrantes del padr\u00f3n vehicular de Morelos -que aglutina a un mill\u00f3n 93 mil veh\u00edculos particulares, privados y p\u00fablicos- han pagado su refrendo, hasta el 9 de junio. Adem\u00e1s se han entregado unas 25 mil placas, inform\u00f3 Jorge Barrera Toledo, coordinador de Movilidad y Transporte de la entidad.<\/p>\n<p>De acuerdo a la informaci\u00f3n del coordinador, las y los conductores de los veh\u00edculos que ya hayan pagado el refrendo de 2025 quedar\u00e1n exentos de pagar la tenencia; e insisti\u00f3 que la pr\u00f3rroga cierra para particulares y privados el d\u00eda \u00faltimo de junio; y el d\u00eda \u00faltimo de julio para los del transporte p\u00fablico.<\/p>\n<p>De acuerdo a la informaci\u00f3n del coordinador, los conductores de veh\u00edculos que ya hayan pagado el refrendo de 2025 quedar\u00e1n exentos de pagar la tenencia; e insisti\u00f3 que la pr\u00f3rroga cierra para particulares y privados el \u00faltimo d\u00eda de junio, mientras que para transporte p\u00fablico culminar\u00e1 el 31 de julio.<\/p>\n<p>Quienes no paguen el refrendo en las fechas indicadas deber\u00e1n de pagar la tenencia de este a\u00f1o, impuesto que hab\u00eda sido derogado en el a\u00f1o 2011, pero que fue retomado por esta administraci\u00f3n estatal para 2025.<\/p>\n","protected":false},"excerpt":{"rendered":"<p>Alrededor del 40 por ciento de los integrantes del padr\u00f3n vehicular de Morelos -que aglutina a un mill\u00f3n 93 mil<\/p>\n","protected":false},"author":4,"featured_media":64702,"comment_status":"closed","ping_status":"closed","sticky":false,"template":"","format":"standard","meta":{"colormag_page_container_layout":"default_layout","colormag_page_sidebar_layout":"default_layout","_jetpack_memberships_contains_paid_content":false,"footnotes":"","jetpack_publicize_message":"","jetpack_publicize_feature_enabled":true,"jetpack_social_post_already_shared":false,"jetpack_social_options":{"image_generator_settings":{"template":"highway","default_image_id":0,"font":"","enabled":false},"version":2}},"categories":[30],"tags":[],"class_list":["post-64701","post","type-post","status-publish","format-standard","has-post-thumbnail","hentry","category-estados"],"jetpack_publicize_connections":[],"jetpack_featured_media_url":"https:\/\/i0.wp.com\/politicosaldesnudo.com.mx\/wp-content\/uploads\/2025\/06\/REFR.jpg?fit=641%2C452&ssl=1","jetpack-related-posts":[],"jetpack_sharing_enabled":true,"_links":{"self":[{"href":"https:\/\/politicosaldesnudo.com.mx\/index.php\/wp-json\/wp\/v2\/posts\/64701","targetHints":{"allow":["GET"]}}],"collection":[{"href":"https:\/\/politicosaldesnudo.com.mx\/index.php\/wp-json\/wp\/v2\/posts"}],"about":[{"href":"https:\/\/politicosaldesnudo.com.mx\/index.php\/wp-json\/wp\/v2\/types\/post"}],"author":[{"embeddable":true,"href":"https:\/\/politicosaldesnudo.com.mx\/index.php\/wp-json\/wp\/v2\/users\/4"}],"replies":[{"embeddable":true,"href":"https:\/\/politicosaldesnudo.com.mx\/index.php\/wp-json\/wp\/v2\/comments?post=64701"}],"version-history":[{"count":0,"href":"https:\/\/politicosaldesnudo.com.mx\/index.php\/wp-json\/wp\/v2\/posts\/64701\/revisions"}],"wp:featuredmedia":[{"embeddable":true,"href":"https:\/\/politicosaldesnudo.com.mx\/index.php\/wp-json\/wp\/v2\/media\/64702"}],"wp:attachment":[{"href":"https:\/\/politicosaldesnudo.com.mx\/index.php\/wp-json\/wp\/v2\/media?parent=64701"}],"wp:term":[{"taxonomy":"category","embeddable":true,"href":"https:\/\/politicosaldesnudo.com.mx\/index.php\/wp-json\/wp\/v2\/categories?post=64701"},{"taxonomy":"post_tag","embeddable":true,"href":"https:\/\/politicosaldesnudo.com.mx\/index.php\/wp-json\/wp\/v2\/tags?post=64701"}],"curies":[{"name":"wp","href":"https:\/\/api.w.org\/{rel}","templated":true}]}}