{"id":64704,"date":"2025-06-11T00:16:24","date_gmt":"2025-06-11T06:16:24","guid":{"rendered":"https:\/\/politicosaldesnudo.com.mx\/?p=64704"},"modified":"2025-06-10T22:54:15","modified_gmt":"2025-06-11T04:54:15","slug":"guerrero-retiran-mas-de-8-toneladas-de-desechos-de-laguna-de-puerto-marques","status":"publish","type":"post","link":"https:\/\/politicosaldesnudo.com.mx\/index.php\/2025\/06\/11\/guerrero-retiran-mas-de-8-toneladas-de-desechos-de-laguna-de-puerto-marques\/","title":{"rendered":"Guerrero: retiran m\u00e1s de 8 toneladas de desechos de laguna de Puerto Marqu\u00e9s"},"content":{"rendered":"<p class=\"nota-justify\">Alrededor de ocho toneladas de desechos fueron extra\u00eddas durante los dos primeros d\u00edas de la jornada de limpieza masiva de la laguna negra de Puerto Marqu\u00e9s, convocada por el Fondo Nacional de Fomento al Turismo (Fonatur) y la comisar\u00eda municipal de Puerto Marqu\u00e9s.<\/p>\n<p class=\"nota-justify\">Los trabajos inician desde las 6 de la ma\u00f1ana y concluyen poco antes de las 12 del d\u00eda, cuando la humedad apenas es soportable para permanecer descubierto bajo el sol. En las labores participan unas 300 personas de diferentes dependencias, como la Comisi\u00f3n Nacional Forestal, Guardia Nacional, Comisi\u00f3n Nacional de \u00c1reas Naturales Protegidas, adem\u00e1s de Fonatur y autoridades ambientales, as\u00ed como voluntarios y lugare\u00f1os.<\/p>\n<p class=\"nota-justify\">De las orillas de la laguna los brigadistas contin\u00faan extrayendo cientos de envases de pl\u00e1stico de todo tipo, vasos de unicel, lonas, latas, colchones, as\u00ed como ocho embarcaciones de madera y fibra de vidrio, adem\u00e1s de escombro, pl\u00e1stico, llantas, hieleras, refrigeradores, cables, escritorios, cajas de madera destruidas, cart\u00f3n, peri\u00f3dicos, tinacos, varilla, cubetas, ropa, zapatos.<\/p>\n<p class=\"nota-justify\">Uno de los brigadistas mencion\u00f3 que la basura comenz\u00f3 a ser retirada desde las 8 de la ma\u00f1ana del martes, para lo cual hasta ese momento, hab\u00edan sido utilizados cuatro camiones de volteo, con capacidad de entre dos y tres toneladas cada uno.<\/p>\n<p class=\"nota-justify\">Para extraer los desechos inorg\u00e1nicos y org\u00e1nicos, como troncos, son utilizadas dos m\u00e1quinas retroexcavadoras. Aunque la orilla del cuerpo lagunar comienza a despejarse, cuando se recorre el sitio se observan m\u00e1s desechos en el interior. La basura parece estar en cada paraje de la laguna negra de Puerto Marqu\u00e9s.<\/p>\n<p class=\"nota-justify\">La brigada de limpieza inici\u00f3 el lunes y concluir\u00e1 este jueves, sin embargo, algunos de los participantes advirtieron que se requerir\u00e1n m\u00e1s d\u00edas para lograr el rescate de la laguna negra, debido a la gran cantidad de basura que impera en el sitio, la cual se incrusta incluso hasta en los manglares.<\/p>\n","protected":false},"excerpt":{"rendered":"<p>Alrededor de ocho toneladas de desechos fueron extra\u00eddas durante los dos primeros d\u00edas de la jornada de limpieza masiva de<\/p>\n","protected":false},"author":4,"featured_media":64705,"comment_status":"closed","ping_status":"closed","sticky":false,"template":"","format":"standard","meta":{"colormag_page_container_layout":"default_layout","colormag_page_sidebar_layout":"default_layout","_jetpack_memberships_contains_paid_content":false,"footnotes":"","jetpack_publicize_message":"","jetpack_publicize_feature_enabled":true,"jetpack_social_post_already_shared":false,"jetpack_social_options":{"image_generator_settings":{"template":"highway","default_image_id":0,"font":"","enabled":false},"version":2}},"categories":[30],"tags":[],"class_list":["post-64704","post","type-post","status-publish","format-standard","has-post-thumbnail","hentry","category-estados"],"jetpack_publicize_connections":[],"jetpack_featured_media_url":"https:\/\/i0.wp.com\/politicosaldesnudo.com.mx\/wp-content\/uploads\/2025\/06\/BAS.jpg?fit=677%2C326&ssl=1","jetpack-related-posts":[],"jetpack_sharing_enabled":true,"_links":{"self":[{"href":"https:\/\/politicosaldesnudo.com.mx\/index.php\/wp-json\/wp\/v2\/posts\/64704","targetHints":{"allow":["GET"]}}],"collection":[{"href":"https:\/\/politicosaldesnudo.com.mx\/index.php\/wp-json\/wp\/v2\/posts"}],"about":[{"href":"https:\/\/politicosaldesnudo.com.mx\/index.php\/wp-json\/wp\/v2\/types\/post"}],"author":[{"embeddable":true,"href":"https:\/\/politicosaldesnudo.com.mx\/index.php\/wp-json\/wp\/v2\/users\/4"}],"replies":[{"embeddable":true,"href":"https:\/\/politicosaldesnudo.com.mx\/index.php\/wp-json\/wp\/v2\/comments?post=64704"}],"version-history":[{"count":0,"href":"https:\/\/politicosaldesnudo.com.mx\/index.php\/wp-json\/wp\/v2\/posts\/64704\/revisions"}],"wp:featuredmedia":[{"embeddable":true,"href":"https:\/\/politicosaldesnudo.com.mx\/index.php\/wp-json\/wp\/v2\/media\/64705"}],"wp:attachment":[{"href":"https:\/\/politicosaldesnudo.com.mx\/index.php\/wp-json\/wp\/v2\/media?parent=64704"}],"wp:term":[{"taxonomy":"category","embeddable":true,"href":"https:\/\/politicosaldesnudo.com.mx\/index.php\/wp-json\/wp\/v2\/categories?post=64704"},{"taxonomy":"post_tag","embeddable":true,"href":"https:\/\/politicosaldesnudo.com.mx\/index.php\/wp-json\/wp\/v2\/tags?post=64704"}],"curies":[{"name":"wp","href":"https:\/\/api.w.org\/{rel}","templated":true}]}}