{"id":64707,"date":"2025-06-11T00:17:56","date_gmt":"2025-06-11T06:17:56","guid":{"rendered":"https:\/\/politicosaldesnudo.com.mx\/?p=64707"},"modified":"2025-06-10T23:01:05","modified_gmt":"2025-06-11T05:01:05","slug":"peronistas-muestran-respaldo-a-cristina-fernandez-tras-sentencia-a-6-anos-de-prision","status":"publish","type":"post","link":"https:\/\/politicosaldesnudo.com.mx\/index.php\/2025\/06\/11\/peronistas-muestran-respaldo-a-cristina-fernandez-tras-sentencia-a-6-anos-de-prision\/","title":{"rendered":"Peronistas muestran respaldo a Cristina Fern\u00e1ndez tras sentencia a 6 a\u00f1os de prisi\u00f3n"},"content":{"rendered":"<p class=\"nota-justify\">La Corte Suprema de Justicia, conformada por s\u00f3lo tres de los cinco jueces que deb\u00eda tener, el titular Horacio Rosatti, el vice Carlos Rosenkrantz -ambos nombrados mediante decreto firmado por el ex presidente derechista Mauricio Macri (2015-2019)-, y Ricardo Lorenzetti, el m\u00e1s antiguo, conden\u00f3 este martes a seis a\u00f1os de prisi\u00f3n y proscribi\u00f3 para ejercer cargos p\u00fablicos de por vida a la dos veces presidenta Cristina Fern\u00e1ndez de Kirchner, quien encabeza ahora el Partido Justicialista (PJ peronista), en base a una causa sin prueba alguna, que estaba cerrada por esa situaci\u00f3n irregular.<\/p>\n<p class=\"nota-justify\">En la llamada causa Vialidad, que comenz\u00f3 en 2016, fue acusada de irregularidades en 51 procesos de licitaci\u00f3n p\u00fablica para la construcci\u00f3n de obras viales en la provincia de Santa Cruz entre los a\u00f1os 2003 y 2015, que comprenden la presidencia de su fallecido marido N\u00e9stor Kirchner (2003-2007) y en los que ella fue mandataria (2007-2015).<\/p>\n<p class=\"nota-justify\">La acusaci\u00f3n sostiene que durante esos gobiernos tuvo lugar \u201cuna extraordinaria maniobra fraudulenta\u201d que perjudic\u00f3 los intereses de la administraci\u00f3n p\u00fablica y estim\u00f3 el desfalco en unos 85 mil millones de pesos (algo m\u00e1s de 70 millones de d\u00f3lares, al cambio actual).<\/p>\n<p class=\"nota-justify\">El dictamen -cuyo texto completo ya puede consultarse en el sitio del tribunal&#8211; representa un cierre formal para uno de los expedientes m\u00e1s emblem\u00e1ticos del lawfare argentino, se\u00f1al\u00f3 P\u00e1gina\/12.<\/p>\n<p class=\"nota-justify\">Apenas la Corte Suprema ratific\u00f3 la condena, miles de manifestantes que hac\u00edan vigilia ante la sede del PJ, lo mismo que alrededor del edificio de su hija Florencia, con quien vive, y el Instituto Patria expresaron su dolor, impotencia e indignaci\u00f3n ante esta resoluci\u00f3n que ya hab\u00eda adelantado la ex mandataria en los \u00faltimos d\u00edas, lo que termin\u00f3 uniendo a todo el peronismo que la acompa\u00f1\u00f3 en estas horas. Cantaron el himno nacional argentino y tambi\u00e9n el himno peronista.<\/p>\n<p class=\"nota-justify\">Esta noche una multitud autoconvocada que al cierre de esta edici\u00f3n segu\u00eda creciendo con el y tambi\u00e9n ocupan las calles adyacentes, permanece frente al edificio donde vive Florencia Kirchner, en el barrio popular de Constituci\u00f3n, donde est\u00e1 la ex mandataria acompa\u00f1ada por su familia y amigos cercanos.<\/p>\n<p class=\"nota-justify\">Se esperan para este mi\u00e9rcoles las reacciones de todos los sectores que, como las centrales sindicales y organismos sociales y pol\u00edticos de distintos signos, se encuentran en estado de alerta. Los dirigentes de todos los partidos de izquierda se reunieron con la ex mandataria para solidarizarse. Algo que nunca se hab\u00eda visto.<\/p>\n<p class=\"nota-justify\">No hay en el pa\u00eds quien ignore que el peronismo unido es una enorme fuerza pol\u00edtica mayoritaria a nivel nacional. Esto qued\u00f3 demostrado cuando Fern\u00e1ndez de Kirchner rodeada de todos los referentes de los distintos sectores habl\u00f3 para los miles que la esperaban despu\u00e9s de una larga vigilia a la sede del PJ y record\u00f3 el papel del poder econ\u00f3mico concentrado que cuando intentaron asesinarla (1 de septiembre de 2022), siendo vicepresidenta de la naci\u00f3n.<\/p>\n<p class=\"nota-justify\">Entonces, el peri\u00f3dico Clar\u00edn -que encabeza la intensa persecuci\u00f3n medi\u00e1tica- titul\u00f3 en primera p\u00e1gina \u201cEl disparo que no sali\u00f3 y el fallo que s\u00ed saldr\u00e1\u201d, en referencia a la sentencia resuelta por fiscales aliados al presidente Macri en diciembre de 2019 y que hab\u00eda llegado a la Corte Suprema.<\/p>\n<p class=\"nota-justify\">Fern\u00e1ndez de Kichner tambi\u00e9n sostuvo que \u201cla historia argentina demuestra que a los dirigentes pol\u00edticos que gobiernan para el pueblo, que logran la distribuci\u00f3n del ingreso m\u00e1s equitativa, no los perdonan (\u2026) Se equivocan los que creen que de esta manera (conden\u00e1ndome) van a seguir con procesos de expoliaci\u00f3n\u00bb, asever\u00f3.<\/p>\n<p class=\"nota-justify\">En referencia a su situaci\u00f3n razon\u00f3 que \u201cmientras los Macri y los Caputo (la familia que conforma un c\u00edrculo rojo alrededor del ex mandatario) puedan caminar sin que nadie les diga nada, estar presa es un certificado de dignidad hist\u00f3rica\u00bb.<\/p>\n<p class=\"nota-justify\">Entre otras consideraciones dijo que \u00abla verdad es que esta Argentina que gobierna (Javier) Milei no deja de sorprendernos, porque al cepo del salario le agregaron el cepo al voto popular\u00bb, y en relaci\u00f3n a su condena.<\/p>\n<p class=\"nota-justify\">Tambi\u00e9n se refiri\u00f3 a que el hecho de que est\u00e9 presa no va a cambiar la situaci\u00f3n de los jubilados, ni de los sectores castigados en todos el pa\u00eds, entre otros los salarios m\u00e1s bajos de los trabajadores, ni la grave situaci\u00f3n que provoca el desfinanciamiento, en la salud, la educaci\u00f3n, la ciencia y otros que est\u00e1 llevando a extremos l\u00edmites lo que ocurre en estos momentos en Argentina.<\/p>\n<p class=\"nota-justify\">Los jueces de la Corte Suprema estaban redactaron los argumentos que intentan justificar su resoluci\u00f3n despu\u00e9s del rechazo al recurso federal de la defensa y confirmar la condena y proscripci\u00f3n de la ex presidenta, que es considerada la m\u00e1s importante dirigente pol\u00edtica del pa\u00eds.<\/p>\n<p class=\"nota-justify\">Hasta ahora la justicia no logr\u00f3 cerrar la causa del intento de asesinato, ya que cuando la investigaci\u00f3n lleg\u00f3 hasta la familia Caputo y al subsecretario de Seguridad, Gerardo Milman, el segundo de la entonces tambi\u00e9n ministra de esa cartera, Patricia Bullrich, lo desvi\u00f3 e intenta terminar acusando a un grupo de marginales, como el que dispar\u00f3 dos veces a 10 cent\u00edmetros de la cabeza de la ex mandataria, pero se trab\u00f3 el gatillo.<\/p>\n<p class=\"nota-justify\">Es un caso como el actual que tambi\u00e9n ser\u00e1 llevado ante organismos internacionales, como la Corte Penal Internacional (CPI), donde ya se acept\u00f3 la presentaci\u00f3n del abogado Gregorio Dalb\u00f3n sobre la ilegal sentencia contra Fern\u00e1ndez de Kirchner.<\/p>\n<p class=\"nota-justify\">Los fiscales del llamado Partido Judicial de Macri, Diego Luciani y Sergio Mola que la hab\u00edan condenado sin presentar ninguna prueba concreta, solicitaron al Tribunal Oral Federal 2 que avance con la detenci\u00f3n inmediata de la ex presidenta y el decomiso de todos sus bienes, mientras el juez Jorge Gorini orden\u00f3 a la ex mandataria presentarse ante la justicia en un plazo de cinco d\u00edas h\u00e1biles. Al mismo tiempo en que pidieron a la ministra Bullrich que buscara una dependencia de fuerzas federales que cumpla con las condiciones para alojarla.<\/p>\n<p class=\"nota-justify\">En este contexto, Bullrich tiene varias causas abiertas, incluso por la represi\u00f3n brutal a los jubilados y otras como el asesinato de Santiago Maldonado, en 2017, y m\u00e1s v\u00edctimas as\u00ed como por la persecuci\u00f3n a los mapuches agudizada en estos momentos por la detenci\u00f3n de uno de sus dirigentes, Facundo Jones Huala.<\/p>\n<p class=\"nota-justify\">Mientras el presidente Milei, quien celebr\u00f3 el fallo, se encuentra en Israel para reunirse con el primer ministro Benjam\u00edn Netanyahu, a quien apoya en todo lo actuado en el genocidio y exterminio del pueblo palestino, por lo cual varios sectores e intelectuales argentinos denunciaron en estas horas al mandatario argentino.<\/p>\n<p class=\"nota-justify\">En tanto est\u00e1 en la mira de distintos sectores de la sociedad el comportamiento brutal de los medios y de periodistas que incluso llegaron a emplazar a la Corte Suprema a condenar a Fern\u00e1ndez de Kirchner como ha sucedido muy especialmente con el Grupo Clar\u00edn y La Naci\u00f3n, llegando a l\u00edmites degradantes para el periodismo, en su conjunto. Desde el exterior llega la solidaridad de gobiernos de varios pa\u00edses de la regi\u00f3n y el mundo<\/p>\n<p class=\"nota-justify\">El Frente de Abogados Populares denunci\u00f3 las falsedades en el juicio contra Cristina Fern\u00e1ndez de Kirchner y reforz\u00f3 el repudio al\u00a0<i>lawfare<\/i>, mientras que militantes peronistas y espacios vinculados con organismos de derechos humanos comenzaron una campa\u00f1a para desmontar la serie de m\u00e1s de 20 mentiras que sostuvo la fiscal\u00eda y los jueces de Macri y la Corte Suprema.<\/p>\n","protected":false},"excerpt":{"rendered":"<p>La Corte Suprema de Justicia, conformada por s\u00f3lo tres de los cinco jueces que deb\u00eda tener, el titular Horacio Rosatti,<\/p>\n","protected":false},"author":4,"featured_media":64708,"comment_status":"closed","ping_status":"closed","sticky":false,"template":"","format":"standard","meta":{"colormag_page_container_layout":"default_layout","colormag_page_sidebar_layout":"default_layout","_jetpack_memberships_contains_paid_content":false,"footnotes":"","jetpack_publicize_message":"","jetpack_publicize_feature_enabled":true,"jetpack_social_post_already_shared":false,"jetpack_social_options":{"image_generator_settings":{"template":"highway","default_image_id":0,"font":"","enabled":false},"version":2}},"categories":[28],"tags":[],"class_list":["post-64707","post","type-post","status-publish","format-standard","has-post-thumbnail","hentry","category-internacional"],"jetpack_publicize_connections":[],"jetpack_featured_media_url":"https:\/\/i0.wp.com\/politicosaldesnudo.com.mx\/wp-content\/uploads\/2025\/06\/PERO.jpg?fit=615%2C405&ssl=1","jetpack-related-posts":[],"jetpack_sharing_enabled":true,"_links":{"self":[{"href":"https:\/\/politicosaldesnudo.com.mx\/index.php\/wp-json\/wp\/v2\/posts\/64707","targetHints":{"allow":["GET"]}}],"collection":[{"href":"https:\/\/politicosaldesnudo.com.mx\/index.php\/wp-json\/wp\/v2\/posts"}],"about":[{"href":"https:\/\/politicosaldesnudo.com.mx\/index.php\/wp-json\/wp\/v2\/types\/post"}],"author":[{"embeddable":true,"href":"https:\/\/politicosaldesnudo.com.mx\/index.php\/wp-json\/wp\/v2\/users\/4"}],"replies":[{"embeddable":true,"href":"https:\/\/politicosaldesnudo.com.mx\/index.php\/wp-json\/wp\/v2\/comments?post=64707"}],"version-history":[{"count":0,"href":"https:\/\/politicosaldesnudo.com.mx\/index.php\/wp-json\/wp\/v2\/posts\/64707\/revisions"}],"wp:featuredmedia":[{"embeddable":true,"href":"https:\/\/politicosaldesnudo.com.mx\/index.php\/wp-json\/wp\/v2\/media\/64708"}],"wp:attachment":[{"href":"https:\/\/politicosaldesnudo.com.mx\/index.php\/wp-json\/wp\/v2\/media?parent=64707"}],"wp:term":[{"taxonomy":"category","embeddable":true,"href":"https:\/\/politicosaldesnudo.com.mx\/index.php\/wp-json\/wp\/v2\/categories?post=64707"},{"taxonomy":"post_tag","embeddable":true,"href":"https:\/\/politicosaldesnudo.com.mx\/index.php\/wp-json\/wp\/v2\/tags?post=64707"}],"curies":[{"name":"wp","href":"https:\/\/api.w.org\/{rel}","templated":true}]}}