{"id":64738,"date":"2025-06-12T00:02:14","date_gmt":"2025-06-12T06:02:14","guid":{"rendered":"https:\/\/politicosaldesnudo.com.mx\/?p=64738"},"modified":"2025-06-11T21:09:10","modified_gmt":"2025-06-12T03:09:10","slug":"se-aproxima-la-canicula-llaman-a-evitar-golpes-de-calor-deshidratacion-y-otros-padecimientos","status":"publish","type":"post","link":"https:\/\/politicosaldesnudo.com.mx\/index.php\/2025\/06\/12\/se-aproxima-la-canicula-llaman-a-evitar-golpes-de-calor-deshidratacion-y-otros-padecimientos\/","title":{"rendered":"Se aproxima la can\u00edcula, llaman a evitar golpes de calor, deshidrataci\u00f3n y otros padecimientos"},"content":{"rendered":"<p>La temporada de la can\u00edcula, uno de los fen\u00f3menos clim\u00e1ticos m\u00e1s esperados y al mismo tiempo el m\u00e1s desafiante del a\u00f1o, est\u00e1 a la vuelta de la esquina, este periodo, caracterizado por una marcada disminuci\u00f3n de lluvias y un aumento significativo de las temperaturas, se prev\u00e9 que llegue en las pr\u00f3ximas semanas, trayendo consigo d\u00edas de intenso calor y bochorno.<\/p>\n<p>La can\u00edcula es un evento climatol\u00f3gico que se presenta anualmente en diversas regiones, incluyendo gran parte de M\u00e9xico, aunque las fechas exactas pueden variar ligeramente cada a\u00f1o, generalmente inicia a mediados de julio y se extiende por aproximadamente 40 d\u00edas, culminando a finales de agosto.<\/p>\n<p>Durante este tiempo, la poca o nula presencia de precipitaciones, combinada con la alta radiaci\u00f3n solar, eleva considerablemente la sensaci\u00f3n t\u00e9rmica, lo que puede tener un impacto directo en la salud de la poblaci\u00f3n y en actividades como la agricultura.<\/p>\n<p>Las autoridades y expertos en Protecci\u00f3n Civil ya est\u00e1n emitiendo recomendaciones a la ciudadan\u00eda para afrontar este periodo de la mejor manera posible, donde indicaron que es crucial tomar medidas preventivas para evitar golpes de calor, deshidrataci\u00f3n y otros padecimientos relacionados con las altas temperaturas.<\/p>\n<p>Entre las principales recomendaciones se\u00f1alaron que el ciudadano debe mantenerse hidratado, el beber abundantes l\u00edquidos, evitar la exposici\u00f3n prolongada al sol, especialmente entre las 11:00 y las 16:00 horas, cuando la radiaci\u00f3n solar es m\u00e1s intensa, si es indispensable salir, usar ropa ligera de colores claros, sombrero o gorra, y lentes de sol.<\/p>\n<p>Adem\u00e1s de utilizar protector solar, aplicarlo generosamente y reponerlo cada pocas horas, sobre todo si se transpira o se tiene contacto con el agua, as\u00ed como prestar especial atenci\u00f3n a grupos vulnerables como son los ni\u00f1os, adultos mayores, personas con enfermedades cr\u00f3nicas y mascotas son m\u00e1s susceptibles a los efectos del calor.<\/p>\n<p>La llegada de la can\u00edcula es un recordatorio de la importancia de la prevenci\u00f3n y la adaptaci\u00f3n a las condiciones clim\u00e1ticas, por lo que estar informados y seguir las recomendaciones de las autoridades ser\u00e1 clave para transitar este periodo de calor intenso de forma segura\u00a0y\u00a0saludable.<\/p>\n","protected":false},"excerpt":{"rendered":"<p>La temporada de la can\u00edcula, uno de los fen\u00f3menos clim\u00e1ticos m\u00e1s esperados y al mismo tiempo el m\u00e1s desafiante del<\/p>\n","protected":false},"author":4,"featured_media":64739,"comment_status":"closed","ping_status":"closed","sticky":false,"template":"","format":"standard","meta":{"colormag_page_container_layout":"default_layout","colormag_page_sidebar_layout":"default_layout","_jetpack_memberships_contains_paid_content":false,"footnotes":"","jetpack_publicize_message":"","jetpack_publicize_feature_enabled":true,"jetpack_social_post_already_shared":false,"jetpack_social_options":{"image_generator_settings":{"template":"highway","default_image_id":0,"font":"","enabled":false},"version":2}},"categories":[1],"tags":[],"class_list":["post-64738","post","type-post","status-publish","format-standard","has-post-thumbnail","hentry","category-sin-categoria"],"jetpack_publicize_connections":[],"jetpack_featured_media_url":"https:\/\/i0.wp.com\/politicosaldesnudo.com.mx\/wp-content\/uploads\/2025\/06\/CANI.jpg?fit=1200%2C544&ssl=1","jetpack-related-posts":[],"jetpack_sharing_enabled":true,"_links":{"self":[{"href":"https:\/\/politicosaldesnudo.com.mx\/index.php\/wp-json\/wp\/v2\/posts\/64738","targetHints":{"allow":["GET"]}}],"collection":[{"href":"https:\/\/politicosaldesnudo.com.mx\/index.php\/wp-json\/wp\/v2\/posts"}],"about":[{"href":"https:\/\/politicosaldesnudo.com.mx\/index.php\/wp-json\/wp\/v2\/types\/post"}],"author":[{"embeddable":true,"href":"https:\/\/politicosaldesnudo.com.mx\/index.php\/wp-json\/wp\/v2\/users\/4"}],"replies":[{"embeddable":true,"href":"https:\/\/politicosaldesnudo.com.mx\/index.php\/wp-json\/wp\/v2\/comments?post=64738"}],"version-history":[{"count":0,"href":"https:\/\/politicosaldesnudo.com.mx\/index.php\/wp-json\/wp\/v2\/posts\/64738\/revisions"}],"wp:featuredmedia":[{"embeddable":true,"href":"https:\/\/politicosaldesnudo.com.mx\/index.php\/wp-json\/wp\/v2\/media\/64739"}],"wp:attachment":[{"href":"https:\/\/politicosaldesnudo.com.mx\/index.php\/wp-json\/wp\/v2\/media?parent=64738"}],"wp:term":[{"taxonomy":"category","embeddable":true,"href":"https:\/\/politicosaldesnudo.com.mx\/index.php\/wp-json\/wp\/v2\/categories?post=64738"},{"taxonomy":"post_tag","embeddable":true,"href":"https:\/\/politicosaldesnudo.com.mx\/index.php\/wp-json\/wp\/v2\/tags?post=64738"}],"curies":[{"name":"wp","href":"https:\/\/api.w.org\/{rel}","templated":true}]}}