{"id":64747,"date":"2025-06-12T00:05:45","date_gmt":"2025-06-12T06:05:45","guid":{"rendered":"https:\/\/politicosaldesnudo.com.mx\/?p=64747"},"modified":"2025-06-11T21:29:58","modified_gmt":"2025-06-12T03:29:58","slug":"inaugura-aeromexico-nuevo-itinerario-entre-aicm-y-aeropuerto-de-tocumen","status":"publish","type":"post","link":"https:\/\/politicosaldesnudo.com.mx\/index.php\/2025\/06\/12\/inaugura-aeromexico-nuevo-itinerario-entre-aicm-y-aeropuerto-de-tocumen\/","title":{"rendered":"Inaugura Aerom\u00e9xico nuevo itinerario entre AICM y Aeropuerto de Tocumen"},"content":{"rendered":"<div id=\"article-content-tts\" class=\"nota-contenido mb-5\">\n<div id=\"content_nitf\">\n<p class=\"nota-justify\">Aerom\u00e9xico inaugur\u00f3 un nuevo itinerario entre el Aeropuerto Internacional de la Ciudad de M\u00e9xico y el Aeropuerto Internacional de Tocumen. El vuelo operar\u00e1 diariamente a partir de este ueves y ser\u00e1 atendido por aeronaves Boeing 737, las cuales ofrecen conectividad Wi-Fi, pantallas personales de entretenimiento y sistema de iluminaci\u00f3n Sky Interior, caracter\u00edsticas que brindan una experiencia de viaje moderna y c\u00f3moda.<\/p>\n<p>La salida del trayecto Ciudad de M\u00e9xico es de 8:55 de la ma\u00f1ana con llegada a la 1:47 de la tarde, y de Panam\u00e1 a Ciudad de M\u00e9xico: la salida es de 3:06 tarde para llegar a las 5:45 de ka tarde. \u201cEsta nueva operaci\u00f3n contribuye a fortalecer la presencia de Aerom\u00e9xico en Centroam\u00e9rica, al tiempo que ampl\u00eda las posibilidades para los viajeros paname\u00f1os de conectar con la amplia red de destinos internacionales que ofrece la aerol\u00ednea bandera a trav\u00e9s de su hub en Ciudad de M\u00e9xico\u201d, se\u00f1al\u00f3 la aerol\u00ednea.<\/p>\n<p>Dijo que para Panam\u00e1, la llegada de Aerom\u00e9xico representa una oportunidad para continuar posicion\u00e1ndose como un destino tur\u00edstico vibrante, culturalmente rico y lleno de experiencias \u00fanicas. A trav\u00e9s de esta nueva conexi\u00f3n, m\u00e1s visitantes podr\u00e1n descubrir la biodiversidad, historia y hospitalidad que hacen del pa\u00eds un destino imperdible.<\/p>\n<p>\u201cLa nueva ruta directa de Aerom\u00e9xico entre Ciudad de M\u00e9xico y Panam\u00e1 representa una valiosa oportunidad para seguir posicionando a nuestro pa\u00eds como un destino tur\u00edstico diverso y atractivo. M\u00e9xico es un mercado prioritario para Panam\u00e1, y contar con Aerom\u00e9xico como socio estrat\u00e9gico nos permite fortalecer la conexi\u00f3n con los viajeros mexicanos, facilitando su acceso a la vibrante biodiversidad y experiencias aut\u00e9nticas que ofrece nuestro destino\u201d, indic\u00f3 Jennifer Janson -Directora Ejecutiva de Mercadeo en nombre de Gloria de Le\u00f3n, Ministra de Turismo de Panam\u00e1.<\/p>\n<p>\u201cLa apertura de esta ruta representa un paso muy importante para Aerom\u00e9xico, ya que nos permite seguir fortaleciendo nuestra presencia en Centroam\u00e9rica y conectar a m\u00e1s personas con las grandes oportunidades que ofrecen M\u00e9xico y Panam\u00e1. Este nuevo vuelo no solo enlaza nuestras capitales, sino que ofrecer\u00e1 tambi\u00e9n la conectividad en toda la Rep\u00fablica Mexicana, facilitando el acceso desde y hacia m\u00faltiples destinos del pa\u00eds\u201d, indic\u00f3 Pasquale Speranza, vicepresidente de ventas M\u00e9xico.<\/p>\n<p>\u00abEl reinicio de esta ruta de Aerom\u00e9xico hacia Panam\u00e1 representa un paso significativo en la consolidaci\u00f3n de la relaci\u00f3n bilateral entre M\u00e9xico y Panam\u00e1, abarcando todos los \u00e1mbitos: cultural, pol\u00edtico, econ\u00f3mico y comercial, as\u00ed como los profundos lazos de amistad que hist\u00f3ricamente nos han unido. Esta decisi\u00f3n responde al objetivo com\u00fan de fortalecer la conectividad a\u00e9rea, generar nuevas oportunidades de negocio y avanzar hacia una Am\u00e9rica Latina m\u00e1s integrada. Panam\u00e1, con su reconocida seguridad y amplia oferta de interconexiones, se posiciona como un punto estrat\u00e9gico para todos los viajeros mexicanos y de la regi\u00f3n.\u00bb, asegur\u00f3 Abraham Mart\u00ednez Montilla, Embajador de Panam\u00e1 en M\u00e9xico.<\/p>\n<\/div>\n<\/div>\n<div class=\"notas-relacionadas\"><\/div>\n<div class=\"nota-tags\"><\/div>\n","protected":false},"excerpt":{"rendered":"<p>Aerom\u00e9xico inaugur\u00f3 un nuevo itinerario entre el Aeropuerto Internacional de la Ciudad de M\u00e9xico y el Aeropuerto Internacional de Tocumen.<\/p>\n","protected":false},"author":4,"featured_media":64748,"comment_status":"closed","ping_status":"closed","sticky":false,"template":"","format":"standard","meta":{"colormag_page_container_layout":"default_layout","colormag_page_sidebar_layout":"default_layout","_jetpack_memberships_contains_paid_content":false,"footnotes":"","jetpack_publicize_message":"","jetpack_publicize_feature_enabled":true,"jetpack_social_post_already_shared":false,"jetpack_social_options":{"image_generator_settings":{"template":"highway","default_image_id":0,"font":"","enabled":false},"version":2}},"categories":[33],"tags":[],"class_list":["post-64747","post","type-post","status-publish","format-standard","has-post-thumbnail","hentry","category-nacional"],"jetpack_publicize_connections":[],"jetpack_featured_media_url":"https:\/\/i0.wp.com\/politicosaldesnudo.com.mx\/wp-content\/uploads\/2025\/06\/Aerom-xico787_0.jpg?fit=1170%2C700&ssl=1","jetpack-related-posts":[],"jetpack_sharing_enabled":true,"_links":{"self":[{"href":"https:\/\/politicosaldesnudo.com.mx\/index.php\/wp-json\/wp\/v2\/posts\/64747","targetHints":{"allow":["GET"]}}],"collection":[{"href":"https:\/\/politicosaldesnudo.com.mx\/index.php\/wp-json\/wp\/v2\/posts"}],"about":[{"href":"https:\/\/politicosaldesnudo.com.mx\/index.php\/wp-json\/wp\/v2\/types\/post"}],"author":[{"embeddable":true,"href":"https:\/\/politicosaldesnudo.com.mx\/index.php\/wp-json\/wp\/v2\/users\/4"}],"replies":[{"embeddable":true,"href":"https:\/\/politicosaldesnudo.com.mx\/index.php\/wp-json\/wp\/v2\/comments?post=64747"}],"version-history":[{"count":0,"href":"https:\/\/politicosaldesnudo.com.mx\/index.php\/wp-json\/wp\/v2\/posts\/64747\/revisions"}],"wp:featuredmedia":[{"embeddable":true,"href":"https:\/\/politicosaldesnudo.com.mx\/index.php\/wp-json\/wp\/v2\/media\/64748"}],"wp:attachment":[{"href":"https:\/\/politicosaldesnudo.com.mx\/index.php\/wp-json\/wp\/v2\/media?parent=64747"}],"wp:term":[{"taxonomy":"category","embeddable":true,"href":"https:\/\/politicosaldesnudo.com.mx\/index.php\/wp-json\/wp\/v2\/categories?post=64747"},{"taxonomy":"post_tag","embeddable":true,"href":"https:\/\/politicosaldesnudo.com.mx\/index.php\/wp-json\/wp\/v2\/tags?post=64747"}],"curies":[{"name":"wp","href":"https:\/\/api.w.org\/{rel}","templated":true}]}}