{"id":64838,"date":"2025-06-13T00:11:45","date_gmt":"2025-06-13T06:11:45","guid":{"rendered":"https:\/\/politicosaldesnudo.com.mx\/?p=64838"},"modified":"2025-06-13T00:51:26","modified_gmt":"2025-06-13T06:51:26","slug":"aranceles-de-trump-afectan-crecimiento-de-todas-las-regiones-del-pais-bdem","status":"publish","type":"post","link":"https:\/\/politicosaldesnudo.com.mx\/index.php\/2025\/06\/13\/aranceles-de-trump-afectan-crecimiento-de-todas-las-regiones-del-pais-bdem\/","title":{"rendered":"Aranceles de Trump afectan crecimiento de todas las regiones del pa\u00eds: BdeM"},"content":{"rendered":"<p class=\"nota-justify\">En el primer trimestre de 2025, la actividad econ\u00f3mica nuevamente mostr\u00f3 debilidad. A nivel regional, las afectaciones se dieron tanto en el norte como en el sur del pa\u00eds, pero de forma m\u00e1s acentuada en el centro, esto en medio de un entorno complejo e incierto provocado por la pol\u00edtica comercial de Estados Unidos, revel\u00f3 este jueves el Banco de M\u00e9xico (BdeM).<\/p>\n<p class=\"nota-justify\">En conferencia de prensa virtual para presentar el \u201cReporte sobre las Econom\u00edas Regionales enero- marzo\u201d, Alejandrina Cisneros, directora general de investigaci\u00f3n del BdeM, hizo \u00e9nfasis en que para los empresarios consultados, la incertidumbre relacionada con las decisiones comerciales de Donald Trump ha escalado al primer lugar entre los riesgos para el crecimiento econ\u00f3mico del pa\u00eds.<\/p>\n<p class=\"nota-justify\">\u201cEn el \u00e1mbito externo, persiste la incertidumbre asociada con las pol\u00edticas que nuestro principal socio comercial pudiera implementar, la cual, por s\u00ed sola, podr\u00eda estar incidiendo en las decisiones de las empresas, incluso antes de que dichas medidas se concreten\u201d, destac\u00f3 la especialista del banco central.<\/p>\n<p class=\"nota-justify\">En este sentido destac\u00f3 que las econom\u00edas regionales contin\u00faan enfrentando un entorno complejo e incierto, que plantea desaf\u00edos significativos para su crecimiento, por lo que hacia delante se anticipa que su desempe\u00f1o siga siendo d\u00e9bil.<\/p>\n<p class=\"nota-justify\">De acuerdo con el reporte, para 26 por ciento de los contactos empresariales del banco central las cuestiones m\u00e1s preocupantes se refieren a las condiciones externas (aranceles y tipo de cambio), un 24.1 por ciento dijo que la inflaci\u00f3n y 22.5 por ciento expres\u00f3 que la gobernanza (seguridad p\u00fablica y Estado de derecho).<\/p>\n<p class=\"nota-justify\">Destac\u00f3 que en las cuatro regiones del pa\u00eds: centro, centro-norte, sur y norte, se \u201ctiene un enfriamiento\u201d del mercado laboral, el que todav\u00eda no se refleja en los niveles de desocupaci\u00f3n, que se mantienen bajos, pero s\u00ed revelan una menor generaci\u00f3n de empleo formal, es decir, una desaceleraci\u00f3n en el mercado laboral.<\/p>\n","protected":false},"excerpt":{"rendered":"<p>En el primer trimestre de 2025, la actividad econ\u00f3mica nuevamente mostr\u00f3 debilidad. A nivel regional, las afectaciones se dieron tanto<\/p>\n","protected":false},"author":4,"featured_media":64839,"comment_status":"closed","ping_status":"closed","sticky":false,"template":"","format":"standard","meta":{"colormag_page_container_layout":"default_layout","colormag_page_sidebar_layout":"default_layout","_jetpack_memberships_contains_paid_content":false,"footnotes":"","jetpack_publicize_message":"","jetpack_publicize_feature_enabled":true,"jetpack_social_post_already_shared":false,"jetpack_social_options":{"image_generator_settings":{"template":"highway","default_image_id":0,"font":"","enabled":false},"version":2}},"categories":[2050],"tags":[],"class_list":["post-64838","post","type-post","status-publish","format-standard","has-post-thumbnail","hentry","category-economia"],"jetpack_publicize_connections":[],"jetpack_featured_media_url":"https:\/\/i0.wp.com\/politicosaldesnudo.com.mx\/wp-content\/uploads\/2025\/06\/riv.jpg?fit=761%2C500&ssl=1","jetpack-related-posts":[],"jetpack_sharing_enabled":true,"_links":{"self":[{"href":"https:\/\/politicosaldesnudo.com.mx\/index.php\/wp-json\/wp\/v2\/posts\/64838","targetHints":{"allow":["GET"]}}],"collection":[{"href":"https:\/\/politicosaldesnudo.com.mx\/index.php\/wp-json\/wp\/v2\/posts"}],"about":[{"href":"https:\/\/politicosaldesnudo.com.mx\/index.php\/wp-json\/wp\/v2\/types\/post"}],"author":[{"embeddable":true,"href":"https:\/\/politicosaldesnudo.com.mx\/index.php\/wp-json\/wp\/v2\/users\/4"}],"replies":[{"embeddable":true,"href":"https:\/\/politicosaldesnudo.com.mx\/index.php\/wp-json\/wp\/v2\/comments?post=64838"}],"version-history":[{"count":0,"href":"https:\/\/politicosaldesnudo.com.mx\/index.php\/wp-json\/wp\/v2\/posts\/64838\/revisions"}],"wp:featuredmedia":[{"embeddable":true,"href":"https:\/\/politicosaldesnudo.com.mx\/index.php\/wp-json\/wp\/v2\/media\/64839"}],"wp:attachment":[{"href":"https:\/\/politicosaldesnudo.com.mx\/index.php\/wp-json\/wp\/v2\/media?parent=64838"}],"wp:term":[{"taxonomy":"category","embeddable":true,"href":"https:\/\/politicosaldesnudo.com.mx\/index.php\/wp-json\/wp\/v2\/categories?post=64838"},{"taxonomy":"post_tag","embeddable":true,"href":"https:\/\/politicosaldesnudo.com.mx\/index.php\/wp-json\/wp\/v2\/tags?post=64838"}],"curies":[{"name":"wp","href":"https:\/\/api.w.org\/{rel}","templated":true}]}}