{"id":64859,"date":"2025-06-13T00:17:46","date_gmt":"2025-06-13T06:17:46","guid":{"rendered":"https:\/\/politicosaldesnudo.com.mx\/?p=64859"},"modified":"2025-06-12T22:23:53","modified_gmt":"2025-06-13T04:23:53","slug":"juez-dice-que-trump-desplego-ilegalmente-a-la-guardia-nacional-en-los-angeles","status":"publish","type":"post","link":"https:\/\/politicosaldesnudo.com.mx\/index.php\/2025\/06\/13\/juez-dice-que-trump-desplego-ilegalmente-a-la-guardia-nacional-en-los-angeles\/","title":{"rendered":"Juez dice que Trump despleg\u00f3 ilegalmente a la Guardia Nacional en Los \u00c1ngeles"},"content":{"rendered":"<p class=\"nota-justify\">Un juez federal emiti\u00f3 este jueves una orden de restricci\u00f3n temporal que ordena al presidente Donald Trump devolver el control de la Guardia Nacional a California.<\/p>\n<p class=\"nota-justify\">La orden, que entrar\u00e1 en vigor el pr\u00f3ximo viernes al mediod\u00eda, dice que el despliegue de la Guardia era ilegal y violaba la D\u00e9cima Enmienda y exced\u00eda la autoridad legal del mandatario.<\/p>\n<p>La Casa Blanca no hizo comentarios inmediatos sobre el fallo.<\/p>\n<p class=\"nota-justify\">El juez de distrito estadounidense Charles Breyer declar\u00f3 que Trump se extralimit\u00f3 al ordenar el despliegue de aproximadamente 4 mil miembros de la Guardia Nacional en Los \u00c1ngeles despu\u00e9s de que estallaran las protestas por la represi\u00f3n migratoria.<\/p>\n<p>No estaba inmediatamente claro c\u00f3mo esto cambiar\u00eda la situaci\u00f3n sobre el terreno.<\/p>\n<p class=\"nota-justify\">El gobernador de California, Gavin Newsom, interpuso una demanda para bloquear el despliegue de la Guardia Nacional contra su voluntad. Posteriormente, California present\u00f3 una moci\u00f3n de emergencia solicitando al juez que impidiera que la Guardia Nacional colaborara en las redadas de migraci\u00f3n.<\/p>\n<p class=\"nota-justify\">Argument\u00f3 que las tropas fueron desplegadas originalmente para proteger edificios federales y quer\u00eda que el tribunal impidiera que las tropas ayudaran a proteger a los agentes de migraci\u00f3n durante las redadas, diciendo que involucrar a la Guardia solo aumentar\u00eda las tensiones y promover\u00eda el malestar civil.<\/p>\n","protected":false},"excerpt":{"rendered":"<p>Un juez federal emiti\u00f3 este jueves una orden de restricci\u00f3n temporal que ordena al presidente Donald Trump devolver el control<\/p>\n","protected":false},"author":4,"featured_media":64860,"comment_status":"closed","ping_status":"closed","sticky":false,"template":"","format":"standard","meta":{"colormag_page_container_layout":"default_layout","colormag_page_sidebar_layout":"default_layout","_jetpack_memberships_contains_paid_content":false,"footnotes":"","jetpack_publicize_message":"","jetpack_publicize_feature_enabled":true,"jetpack_social_post_already_shared":false,"jetpack_social_options":{"image_generator_settings":{"template":"highway","default_image_id":0,"font":"","enabled":false},"version":2}},"categories":[28],"tags":[],"class_list":["post-64859","post","type-post","status-publish","format-standard","has-post-thumbnail","hentry","category-internacional"],"jetpack_publicize_connections":[],"jetpack_featured_media_url":"https:\/\/i0.wp.com\/politicosaldesnudo.com.mx\/wp-content\/uploads\/2025\/06\/madnss.jpg?fit=774%2C512&ssl=1","jetpack-related-posts":[],"jetpack_sharing_enabled":true,"_links":{"self":[{"href":"https:\/\/politicosaldesnudo.com.mx\/index.php\/wp-json\/wp\/v2\/posts\/64859","targetHints":{"allow":["GET"]}}],"collection":[{"href":"https:\/\/politicosaldesnudo.com.mx\/index.php\/wp-json\/wp\/v2\/posts"}],"about":[{"href":"https:\/\/politicosaldesnudo.com.mx\/index.php\/wp-json\/wp\/v2\/types\/post"}],"author":[{"embeddable":true,"href":"https:\/\/politicosaldesnudo.com.mx\/index.php\/wp-json\/wp\/v2\/users\/4"}],"replies":[{"embeddable":true,"href":"https:\/\/politicosaldesnudo.com.mx\/index.php\/wp-json\/wp\/v2\/comments?post=64859"}],"version-history":[{"count":0,"href":"https:\/\/politicosaldesnudo.com.mx\/index.php\/wp-json\/wp\/v2\/posts\/64859\/revisions"}],"wp:featuredmedia":[{"embeddable":true,"href":"https:\/\/politicosaldesnudo.com.mx\/index.php\/wp-json\/wp\/v2\/media\/64860"}],"wp:attachment":[{"href":"https:\/\/politicosaldesnudo.com.mx\/index.php\/wp-json\/wp\/v2\/media?parent=64859"}],"wp:term":[{"taxonomy":"category","embeddable":true,"href":"https:\/\/politicosaldesnudo.com.mx\/index.php\/wp-json\/wp\/v2\/categories?post=64859"},{"taxonomy":"post_tag","embeddable":true,"href":"https:\/\/politicosaldesnudo.com.mx\/index.php\/wp-json\/wp\/v2\/tags?post=64859"}],"curies":[{"name":"wp","href":"https:\/\/api.w.org\/{rel}","templated":true}]}}