{"id":64862,"date":"2025-06-13T00:18:29","date_gmt":"2025-06-13T06:18:29","guid":{"rendered":"https:\/\/politicosaldesnudo.com.mx\/?p=64862"},"modified":"2025-06-12T22:25:35","modified_gmt":"2025-06-13T04:25:35","slug":"niega-eu-implicacion-en-el-ataque-de-israel-a-iran","status":"publish","type":"post","link":"https:\/\/politicosaldesnudo.com.mx\/index.php\/2025\/06\/13\/niega-eu-implicacion-en-el-ataque-de-israel-a-iran\/","title":{"rendered":"Niega EU implicaci\u00f3n en el ataque de Israel a Ir\u00e1n"},"content":{"rendered":"<p>Washington asegur\u00f3 que \u00abno hubo participaci\u00f3n ni asistencia de Estados Unidos\u00bb en ataque israel\u00ed a Ir\u00e1n, inform\u00f3 EFE Noticias a trav\u00e9s de X<\/p>\n<p class=\"nota-justify\">Estados Unidos notific\u00f3 en privado a varios de sus aliados este jueves que los ataques israel\u00edes eran inminentes y dej\u00f3 en claro que no estaba involucrado. La administraci\u00f3n Trump le reiter\u00f3 a Israel horas antes del atentado que no participar\u00eda en ning\u00fan ataque al programa nuclear, report\u00f3 el medio Axios.<\/p>\n<p class=\"nota-justify\">El secretario de Estado, Marco Rubio, emiti\u00f3 un comunicado tras el ataque: \u201cEsta noche, Israel tom\u00f3 medidas unilaterales contra Ir\u00e1n. No participamos en ataques contra Ir\u00e1n y nuestra principal prioridad es proteger a las fuerzas estadunidenses en la regi\u00f3n\u201d, comunic\u00f3 ABC News.<\/p>\n<p class=\"nota-justify\">Israel inform\u00f3 a Estados Unidos que \u00abcreen que esta acci\u00f3n era necesaria para su propia defensa\u00bb, a\u00f1adi\u00f3 Rubio.<\/p>\n<p class=\"nota-justify\">\u201cEl presidente Trump y su administraci\u00f3n han tomado todas las medidas necesarias para proteger a nuestras fuerzas y mantener un estrecho contacto con nuestros socios regionales. Seamos claros: Ir\u00e1n no debe atacar los intereses ni al personal estadunidense\u201d, afirm\u00f3 el secretario de Estado.<\/p>\n<p class=\"nota-justify\">Por su parte, el mandatario convoc\u00f3 una reuni\u00f3n de gabinete este jueves por la noche. report\u00f3 la cadena de televisi\u00f3n CNN. El objetivo de la reuni\u00f3n con sus principales funcionarios ser\u00eda abordar la respuesta de Washington a los actuales acontecimientos en Ir\u00e1n debido a las crecientes preocupaciones y la amenaza que presuponen, seg\u00fan personas familiarizadas con el asunto, inform\u00f3 RT.<\/p>\n<p class=\"nota-justify\">La embajada de Estados Unidos orden\u00f3 a todos los empleados del gobierno de estadunidense y sus familiares que se resguarden en sus hogares hasta nuevo aviso, debido a la actual situaci\u00f3n en la regi\u00f3n y le record\u00f3 a sus ciudadanos la necesidad de mantener precauciones sobre posibles ataques con fuego de morteros, cohetes y misiles, y las intrusiones de sistemas de aeronaves no tripuladas.<\/p>\n<p class=\"nota-justify\">Los ataques se producen mientras Estados Unidos tiene planeadas conversaciones nucleares con funcionarios iran\u00edes este fin de semana.<\/p>\n","protected":false},"excerpt":{"rendered":"<p>Washington asegur\u00f3 que \u00abno hubo participaci\u00f3n ni asistencia de Estados Unidos\u00bb en ataque israel\u00ed a Ir\u00e1n, inform\u00f3 EFE Noticias a<\/p>\n","protected":false},"author":4,"featured_media":64863,"comment_status":"closed","ping_status":"closed","sticky":false,"template":"","format":"standard","meta":{"colormag_page_container_layout":"default_layout","colormag_page_sidebar_layout":"default_layout","_jetpack_memberships_contains_paid_content":false,"footnotes":"","jetpack_publicize_message":"","jetpack_publicize_feature_enabled":true,"jetpack_social_post_already_shared":false,"jetpack_social_options":{"image_generator_settings":{"template":"highway","default_image_id":0,"font":"","enabled":false},"version":2}},"categories":[28],"tags":[],"class_list":["post-64862","post","type-post","status-publish","format-standard","has-post-thumbnail","hentry","category-internacional"],"jetpack_publicize_connections":[],"jetpack_featured_media_url":"https:\/\/i0.wp.com\/politicosaldesnudo.com.mx\/wp-content\/uploads\/2025\/06\/liar.jpg?fit=746%2C468&ssl=1","jetpack-related-posts":[],"jetpack_sharing_enabled":true,"_links":{"self":[{"href":"https:\/\/politicosaldesnudo.com.mx\/index.php\/wp-json\/wp\/v2\/posts\/64862","targetHints":{"allow":["GET"]}}],"collection":[{"href":"https:\/\/politicosaldesnudo.com.mx\/index.php\/wp-json\/wp\/v2\/posts"}],"about":[{"href":"https:\/\/politicosaldesnudo.com.mx\/index.php\/wp-json\/wp\/v2\/types\/post"}],"author":[{"embeddable":true,"href":"https:\/\/politicosaldesnudo.com.mx\/index.php\/wp-json\/wp\/v2\/users\/4"}],"replies":[{"embeddable":true,"href":"https:\/\/politicosaldesnudo.com.mx\/index.php\/wp-json\/wp\/v2\/comments?post=64862"}],"version-history":[{"count":0,"href":"https:\/\/politicosaldesnudo.com.mx\/index.php\/wp-json\/wp\/v2\/posts\/64862\/revisions"}],"wp:featuredmedia":[{"embeddable":true,"href":"https:\/\/politicosaldesnudo.com.mx\/index.php\/wp-json\/wp\/v2\/media\/64863"}],"wp:attachment":[{"href":"https:\/\/politicosaldesnudo.com.mx\/index.php\/wp-json\/wp\/v2\/media?parent=64862"}],"wp:term":[{"taxonomy":"category","embeddable":true,"href":"https:\/\/politicosaldesnudo.com.mx\/index.php\/wp-json\/wp\/v2\/categories?post=64862"},{"taxonomy":"post_tag","embeddable":true,"href":"https:\/\/politicosaldesnudo.com.mx\/index.php\/wp-json\/wp\/v2\/tags?post=64862"}],"curies":[{"name":"wp","href":"https:\/\/api.w.org\/{rel}","templated":true}]}}