{"id":64903,"date":"2025-06-14T00:09:43","date_gmt":"2025-06-14T06:09:43","guid":{"rendered":"https:\/\/politicosaldesnudo.com.mx\/?p=64903"},"modified":"2025-06-13T20:21:47","modified_gmt":"2025-06-14T02:21:47","slug":"cofece-cierra-el-caso-contra-google-no-obliga-a-contratar-publicidad","status":"publish","type":"post","link":"https:\/\/politicosaldesnudo.com.mx\/index.php\/2025\/06\/14\/cofece-cierra-el-caso-contra-google-no-obliga-a-contratar-publicidad\/","title":{"rendered":"Cofece cierra el caso contra Google; no obliga a contratar publicidad"},"content":{"rendered":"<p class=\"nota-justify\">La Comisi\u00f3n Federal de Competencia Econ\u00f3mica (Cofece) resolvi\u00f3 cerrar el procedimiento que segu\u00eda contra Google en el mercado de publicidad digital de b\u00fasqueda general a nivel nacional, pues no encontr\u00f3 que el gigante tecnol\u00f3gico imponga la contrataci\u00f3n de los servicios a los clientes.<\/p>\n<p class=\"nota-justify\">A casi cinco a\u00f1os de que la autoridad investigadora del organismo aut\u00f3nomo comenz\u00f3 la indagatoria para determinar si la firma tecnol\u00f3gica comet\u00eda posibles pr\u00e1cticas monop\u00f3licas, en particular, ventas atadas en el mercado de publicidad digital, el Pleno concluy\u00f3 el proceso.<\/p>\n<p class=\"nota-justify\">\u201cTras un an\u00e1lisis integral de la evidencia con base en criterios t\u00e9cnicos, econ\u00f3micos y jur\u00eddicos, el Pleno concluy\u00f3 que no existe una obligaci\u00f3n o imposici\u00f3n real por parte de Google a los usuarios para contratar ambos servicios. Por lo tanto, no se trata de una venta atada y no se acredita una infracci\u00f3n a la Ley\u201d, indic\u00f3 la Cofece.<\/p>\n<p class=\"nota-justify\">El organismo aut\u00f3nomo en v\u00edas de desaparecer emplaz\u00f3 a juicio el 8 de noviembre de 2023 a Google, pues \u201cpresumiblemente abus\u00f3 de su posici\u00f3n dominante de mercado para realizar conductas probablemente anticompetitivas de ventas atadas\u201d, es decir, supuestamente condicionaba u obliga a un cliente a adquirir un producto para contratar otro.<\/p>\n<p class=\"nota-justify\">De acuerdo con el organismo encargado de la competencia econ\u00f3mica en el pa\u00eds, este tipo de pr\u00e1cticas pueden restringir la libertad de elecci\u00f3n, afectar a los competidores y limitar la competencia en el mercado.<\/p>\n<p class=\"nota-justify\">En un comunicado coment\u00f3 que en este caso, se analiz\u00f3 si Google condiciona la compra de publicidad en su p\u00e1gina principal de b\u00fasqueda a la contrataci\u00f3n de publicidad en otras p\u00e1ginas web.<\/p>\n<p class=\"nota-justify\">Los servicios de publicidad digital son las comunicaciones comerciales provistas por medios y plataformas digitales, a la cual recurren los anunciantes para informar, persuadir o fortalecer el reconocimiento de una marca o servicio en particular.<\/p>\n<p class=\"nota-justify\">De acuerdo con la Cofece, la publicidad digital es el medio publicitario m\u00e1s utilizado en M\u00e9xico y, en los \u00faltimos a\u00f1os, su uso se ha incrementado continuamente a nivel global.<\/p>\n<p class=\"nota-justify\">El organismo aut\u00f3nomo apunt\u00f3 que en el procedimiento se valoraron las pruebas presentadas por las partes y se resolvi\u00f3 con base en los hechos del caso concreto.<\/p>\n<p class=\"nota-justify\">Como parte de la investigaci\u00f3n del expediente IO-003-2020, Google, se\u00f1alado como presunto responsable, ofreci\u00f3 pruebas relacionadas con las presuntas imputaciones hechas en su contra y present\u00f3 alegatos.<\/p>\n<p class=\"nota-justify\">Si la Cofece hubiera determinado la culpabilidad de Google, habr\u00eda ordenado la correcci\u00f3n de la pr\u00e1ctica ilegal y la empresa tecnol\u00f3gica habr\u00eda recibido una multa de hasta el 8 por ciento de sus ingresos anuales.<\/p>\n","protected":false},"excerpt":{"rendered":"<p>La Comisi\u00f3n Federal de Competencia Econ\u00f3mica (Cofece) resolvi\u00f3 cerrar el procedimiento que segu\u00eda contra Google en el mercado de publicidad<\/p>\n","protected":false},"author":4,"featured_media":64904,"comment_status":"closed","ping_status":"closed","sticky":false,"template":"","format":"standard","meta":{"colormag_page_container_layout":"default_layout","colormag_page_sidebar_layout":"default_layout","_jetpack_memberships_contains_paid_content":false,"footnotes":"","jetpack_publicize_message":"","jetpack_publicize_feature_enabled":true,"jetpack_social_post_already_shared":false,"jetpack_social_options":{"image_generator_settings":{"template":"highway","default_image_id":0,"font":"","enabled":false},"version":2}},"categories":[2050],"tags":[],"class_list":["post-64903","post","type-post","status-publish","format-standard","has-post-thumbnail","hentry","category-economia"],"jetpack_publicize_connections":[],"jetpack_featured_media_url":"https:\/\/i0.wp.com\/politicosaldesnudo.com.mx\/wp-content\/uploads\/2025\/06\/COF.jpg?fit=694%2C431&ssl=1","jetpack-related-posts":[],"jetpack_sharing_enabled":true,"_links":{"self":[{"href":"https:\/\/politicosaldesnudo.com.mx\/index.php\/wp-json\/wp\/v2\/posts\/64903","targetHints":{"allow":["GET"]}}],"collection":[{"href":"https:\/\/politicosaldesnudo.com.mx\/index.php\/wp-json\/wp\/v2\/posts"}],"about":[{"href":"https:\/\/politicosaldesnudo.com.mx\/index.php\/wp-json\/wp\/v2\/types\/post"}],"author":[{"embeddable":true,"href":"https:\/\/politicosaldesnudo.com.mx\/index.php\/wp-json\/wp\/v2\/users\/4"}],"replies":[{"embeddable":true,"href":"https:\/\/politicosaldesnudo.com.mx\/index.php\/wp-json\/wp\/v2\/comments?post=64903"}],"version-history":[{"count":0,"href":"https:\/\/politicosaldesnudo.com.mx\/index.php\/wp-json\/wp\/v2\/posts\/64903\/revisions"}],"wp:featuredmedia":[{"embeddable":true,"href":"https:\/\/politicosaldesnudo.com.mx\/index.php\/wp-json\/wp\/v2\/media\/64904"}],"wp:attachment":[{"href":"https:\/\/politicosaldesnudo.com.mx\/index.php\/wp-json\/wp\/v2\/media?parent=64903"}],"wp:term":[{"taxonomy":"category","embeddable":true,"href":"https:\/\/politicosaldesnudo.com.mx\/index.php\/wp-json\/wp\/v2\/categories?post=64903"},{"taxonomy":"post_tag","embeddable":true,"href":"https:\/\/politicosaldesnudo.com.mx\/index.php\/wp-json\/wp\/v2\/tags?post=64903"}],"curies":[{"name":"wp","href":"https:\/\/api.w.org\/{rel}","templated":true}]}}