{"id":64909,"date":"2025-06-14T00:11:56","date_gmt":"2025-06-14T06:11:56","guid":{"rendered":"https:\/\/politicosaldesnudo.com.mx\/?p=64909"},"modified":"2025-06-13T20:26:10","modified_gmt":"2025-06-14T02:26:10","slug":"profeco-inicia-operativo-para-evitar-abusos-por-dia-del-padre","status":"publish","type":"post","link":"https:\/\/politicosaldesnudo.com.mx\/index.php\/2025\/06\/14\/profeco-inicia-operativo-para-evitar-abusos-por-dia-del-padre\/","title":{"rendered":"Profeco inicia operativo para evitar abusos por D\u00eda del Padre"},"content":{"rendered":"<p class=\"nota-justify\">La Procuradur\u00eda Federal del Consumidor (Profeco) pondr\u00e1 en pr\u00e1ctica un operativo especial del 13 al 15 de junio para evitar que se cometan abusos o irregularidades en comercios o servicios por la celebraci\u00f3n del D\u00eda del Padre.<\/p>\n<p class=\"nota-justify\">La dependencia indic\u00f3 que personal de la Direcci\u00f3n General de Verificaci\u00f3n y Defensa de la Confianza, as\u00ed como los Departamentos de Verificaci\u00f3n y Defensa de la Confianza de las 38 Oficinas de Defensa del Consumidor (ODECO) atender\u00e1 denuncias, realizar\u00e1 vigilancias focalizadas y orientar\u00e1 a las personas consumidoras en puntos estrat\u00e9gicos.<\/p>\n<p class=\"nota-justify\">La Profeco se\u00f1al\u00f3 en un comunicado que pondr\u00e1 m\u00e1s atenci\u00f3n en las unidades econ\u00f3micas que m\u00e1s se beneficiaron durante la celebraci\u00f3n del D\u00eda del Padre en 2024, como es el caso de vinater\u00edas y ultramarinos, bares, dulcer\u00edas, relojer\u00edas, tiendas departamentales, de servicio, de conveniencia y de ropa para caballero; zapater\u00edas, tiendas de art\u00edculos deportivos, pasteler\u00edas, tiendas de aparatos electr\u00f3nicos y el\u00e9ctricos, estacionamientos, restaurantes, tiendas de corbatas y art\u00edculos para caballero.<\/p>\n<p class=\"nota-justify\">Apunt\u00f3 que en caso de que se detecten incumplimientos que afecten o puedan afectar la vida, salud, seguridad o econom\u00eda de una colectividad de personas consumidoras, se aplicar\u00e1n medidas precautorias de conformidad con la Ley Federal de Protecci\u00f3n del Consumidor (LFPC).<\/p>\n<p class=\"nota-justify\">Adelant\u00f3 que dichas medidas pueden ser suspensi\u00f3n parcial de la comercializaci\u00f3n de bienes, productos o servicios, de conformidad con el art\u00edculo 25 BIS, fracci\u00f3n III de la LFPC, o inmovilizaci\u00f3n de envases, bienes, productos y transportes, de conformidad con el art\u00edculo 25 BIS fracci\u00f3n I de la LFPC.<\/p>\n<p class=\"nota-justify\">Aunque la Procuradur\u00eda sugiri\u00f3 regalar a los padres algo de su preferencia, indic\u00f3 que la \u201cmayor satisfacci\u00f3n con una expresi\u00f3n de afecto que con cualquier presente\u201d.<\/p>\n<p class=\"nota-justify\">La dependencia aconsej\u00f3 comparar precio y calidad, pero tambi\u00e9n guardar comprobantes de pago, o cualquier documento emitido por el establecimiento, ya que esto ayudar\u00e1 en caso de presentar una queja o aclaraci\u00f3n.<\/p>\n<p class=\"nota-justify\">Si el regalo se compra en l\u00ednea, la Profeco recomend\u00f3 revisar que la p\u00e1gina web donde se proporcionar\u00e1 informaci\u00f3n personal cuente con un candado SSL para proteger los datos personales, as\u00ed como leer las pol\u00edticas de privacidad.<\/p>\n<p class=\"nota-justify\">En ellas, dijo la Profeco, el sitio indica c\u00f3mo, para qu\u00e9 y qui\u00e9nes van a tener acceso a la informaci\u00f3n proporcionada.<\/p>\n<p class=\"nota-justify\">En caso de festejar en un restaurante, la Profeco record\u00f3 a las personas consumidoras que el pago de propina es voluntario y no puede incluirse en la cuenta. Estos establecimientos deben tener los precios a la vista y la informaci\u00f3n del men\u00fa debe ser completa y con las porciones especificadas.<\/p>\n<p class=\"nota-justify\">Apunt\u00f3 que los restaurantes no pueden negar o condicionar la prestaci\u00f3n del servicio por razones de g\u00e9nero, nacionalidad, de etnia, preferencia sexual, religiosa o cualquiera otra particularidad.<\/p>\n","protected":false},"excerpt":{"rendered":"<p>La Procuradur\u00eda Federal del Consumidor (Profeco) pondr\u00e1 en pr\u00e1ctica un operativo especial del 13 al 15 de junio para evitar<\/p>\n","protected":false},"author":4,"featured_media":64910,"comment_status":"closed","ping_status":"closed","sticky":false,"template":"","format":"standard","meta":{"colormag_page_container_layout":"default_layout","colormag_page_sidebar_layout":"default_layout","_jetpack_memberships_contains_paid_content":false,"footnotes":"","jetpack_publicize_message":"","jetpack_publicize_feature_enabled":true,"jetpack_social_post_already_shared":false,"jetpack_social_options":{"image_generator_settings":{"template":"highway","default_image_id":0,"font":"","enabled":false},"version":2}},"categories":[2050],"tags":[],"class_list":["post-64909","post","type-post","status-publish","format-standard","has-post-thumbnail","hentry","category-economia"],"jetpack_publicize_connections":[],"jetpack_featured_media_url":"https:\/\/i0.wp.com\/politicosaldesnudo.com.mx\/wp-content\/uploads\/2025\/06\/PAD.jpg?fit=739%2C501&ssl=1","jetpack-related-posts":[],"jetpack_sharing_enabled":true,"_links":{"self":[{"href":"https:\/\/politicosaldesnudo.com.mx\/index.php\/wp-json\/wp\/v2\/posts\/64909","targetHints":{"allow":["GET"]}}],"collection":[{"href":"https:\/\/politicosaldesnudo.com.mx\/index.php\/wp-json\/wp\/v2\/posts"}],"about":[{"href":"https:\/\/politicosaldesnudo.com.mx\/index.php\/wp-json\/wp\/v2\/types\/post"}],"author":[{"embeddable":true,"href":"https:\/\/politicosaldesnudo.com.mx\/index.php\/wp-json\/wp\/v2\/users\/4"}],"replies":[{"embeddable":true,"href":"https:\/\/politicosaldesnudo.com.mx\/index.php\/wp-json\/wp\/v2\/comments?post=64909"}],"version-history":[{"count":0,"href":"https:\/\/politicosaldesnudo.com.mx\/index.php\/wp-json\/wp\/v2\/posts\/64909\/revisions"}],"wp:featuredmedia":[{"embeddable":true,"href":"https:\/\/politicosaldesnudo.com.mx\/index.php\/wp-json\/wp\/v2\/media\/64910"}],"wp:attachment":[{"href":"https:\/\/politicosaldesnudo.com.mx\/index.php\/wp-json\/wp\/v2\/media?parent=64909"}],"wp:term":[{"taxonomy":"category","embeddable":true,"href":"https:\/\/politicosaldesnudo.com.mx\/index.php\/wp-json\/wp\/v2\/categories?post=64909"},{"taxonomy":"post_tag","embeddable":true,"href":"https:\/\/politicosaldesnudo.com.mx\/index.php\/wp-json\/wp\/v2\/tags?post=64909"}],"curies":[{"name":"wp","href":"https:\/\/api.w.org\/{rel}","templated":true}]}}