{"id":64912,"date":"2025-06-14T00:12:39","date_gmt":"2025-06-14T06:12:39","guid":{"rendered":"https:\/\/politicosaldesnudo.com.mx\/?p=64912"},"modified":"2025-06-13T20:27:43","modified_gmt":"2025-06-14T02:27:43","slug":"petroleo-se-dispara-y-mercados-bursatiles-caen-tras-ataque-israeli-a-iran","status":"publish","type":"post","link":"https:\/\/politicosaldesnudo.com.mx\/index.php\/2025\/06\/14\/petroleo-se-dispara-y-mercados-bursatiles-caen-tras-ataque-israeli-a-iran\/","title":{"rendered":"Petr\u00f3leo se dispara y mercados burs\u00e1tiles caen tras ataque israel\u00ed a Ir\u00e1n"},"content":{"rendered":"<p class=\"nota-justify\">Los precios del petr\u00f3leo se dispararon, el oro subi\u00f3 con fuerza y las bolsas europeas cerraron con p\u00e9rdidas este viernes despu\u00e9s de que Israel bombardeara instalaciones nucleares y militares en Ir\u00e1n, atizando los temores de una guerra abierta.<\/p>\n<p class=\"nota-justify\">Ir\u00e1n es uno de los diez mayores productores de petr\u00f3leo del mundo y los mercados reaccionaron r\u00e1pidamente anticipando una ca\u00edda de la oferta de crudo, con una escalada de los precios.<\/p>\n<p class=\"nota-justify\">Los precios del petr\u00f3leo llegaron a subir 13 por ciento durante la jornada, alcanzando un m\u00e1ximo desde enero y despu\u00e9s fueron bajando gradualmente.<\/p>\n<p class=\"nota-justify\">Hacia las 15:50 GMT, el barril del Brent del mar del Norte gan\u00f3 6.1 por ciento a 73.59 d\u00f3lares y el West Texas Intermediate se estabiliz\u00f3 a 6.2 a 72.28 d\u00f3lares.<\/p>\n<p class=\"nota-justify\">Wall Street abri\u00f3 con p\u00e9rdidas y el Dow Jones operaba con una ca\u00edda de 0.86 por ciento a las 15:50 GMT. El Nasdaq baj\u00f3 0.46 y el marcador S&amp;P 500 cedi\u00f3 0.35 por ciento, en sinton\u00eda con la tendencia en los mercados de Europa y Asia.<\/p>\n<p class=\"nota-justify\">Par\u00eds cerr\u00f3 la sesi\u00f3n con una baja del 1.04 por ciento; Fr\u00e1ncfort, de 1.07 y Mil\u00e1n, en -1.28. Tambi\u00e9n terminaron en terreno negativo Madrid (-1.31) y Londres (-0.39).<\/p>\n<p class=\"nota-justify\">Pese a la ca\u00edda generalizada del mercado burs\u00e1til, las acciones de las empresas de energ\u00eda se beneficiaron del alza del crudo y en cambio, los t\u00edtulos de las aerol\u00edneas operan con p\u00e9rdidas tras la suspensi\u00f3n de los vuelos en Oriente Medio.<\/p>\n<p class=\"nota-justify\">En este contexto, los llamados valores \u00abrefugio\u00bb se beneficiaron y el oro se acerc\u00f3 a su r\u00e9cord marcado en abril.<\/p>\n<p class=\"nota-justify\">As\u00ed, el oro subi\u00f3 1.71 por ciento hasta los 3.443 d\u00f3lares la onza y, durante las operaciones de la tarde en Europa, el d\u00f3lar gan\u00f3 0.24 por ciento frente al euro, a 1.1559 euros por d\u00f3lar.<\/p>\n<p class=\"nota-justify\">La ca\u00edda de los mercados burs\u00e1tiles y el alza de los valores refugio \u00abmuestra la debilidad de la confianza\u00bb con respecto a grandes acontecimientos geopol\u00edticos, se\u00f1al\u00f3 David Morrison, analista de mercados del proveedor de servicios financieros Trade Nation.<\/p>\n<p class=\"nota-justify\">\u00abLa pregunta ahora es si los inversores consideran esto como un indicio relativamente contenido dentro de la animadversi\u00f3n que existe desde hace tiempo entre Israel e Ir\u00e1n, o si se trata de la chispa que enciende una conflagraci\u00f3n en todo Oriente Medio y m\u00e1s all\u00e1\u00bb, se\u00f1al\u00f3.<\/p>\n<p class=\"nota-justify\">Ir\u00e1n calific\u00f3 el ataque como \u00abuna declaraci\u00f3n de guerra\u00bb despu\u00e9s de que la aviaci\u00f3n israel\u00ed lanzara una andanada de bombardeos contra m\u00e1s de 100 objetivos, incluidas instalaciones nucleares, que mat\u00f3 a altos mandos militares y a cient\u00edficos del programa at\u00f3mico.<\/p>\n<p class=\"nota-justify\">Para Fawad Razaqzada, analista de mercado de City Index and Forex.com, ahora \u00abla clave es c\u00f3mo responda Ir\u00e1n\u00bb.<\/p>\n<p class=\"nota-justify\">\u00abLas tensiones se van a intensificar y existe la posibilidad de que los mercados registren p\u00e9rdidas al inicio de la pr\u00f3xima semana si Teher\u00e1n decide contraatacar durante el fin de semana\u00bb, proyect\u00f3.<\/p>\n","protected":false},"excerpt":{"rendered":"<p>Los precios del petr\u00f3leo se dispararon, el oro subi\u00f3 con fuerza y las bolsas europeas cerraron con p\u00e9rdidas este viernes<\/p>\n","protected":false},"author":4,"featured_media":64913,"comment_status":"closed","ping_status":"closed","sticky":false,"template":"","format":"standard","meta":{"colormag_page_container_layout":"default_layout","colormag_page_sidebar_layout":"default_layout","_jetpack_memberships_contains_paid_content":false,"footnotes":"","jetpack_publicize_message":"","jetpack_publicize_feature_enabled":true,"jetpack_social_post_already_shared":false,"jetpack_social_options":{"image_generator_settings":{"template":"highway","default_image_id":0,"font":"","enabled":false},"version":2}},"categories":[2050],"tags":[],"class_list":["post-64912","post","type-post","status-publish","format-standard","has-post-thumbnail","hentry","category-economia"],"jetpack_publicize_connections":[],"jetpack_featured_media_url":"https:\/\/i0.wp.com\/politicosaldesnudo.com.mx\/wp-content\/uploads\/2025\/06\/PETR.jpg?fit=774%2C459&ssl=1","jetpack-related-posts":[],"jetpack_sharing_enabled":true,"_links":{"self":[{"href":"https:\/\/politicosaldesnudo.com.mx\/index.php\/wp-json\/wp\/v2\/posts\/64912","targetHints":{"allow":["GET"]}}],"collection":[{"href":"https:\/\/politicosaldesnudo.com.mx\/index.php\/wp-json\/wp\/v2\/posts"}],"about":[{"href":"https:\/\/politicosaldesnudo.com.mx\/index.php\/wp-json\/wp\/v2\/types\/post"}],"author":[{"embeddable":true,"href":"https:\/\/politicosaldesnudo.com.mx\/index.php\/wp-json\/wp\/v2\/users\/4"}],"replies":[{"embeddable":true,"href":"https:\/\/politicosaldesnudo.com.mx\/index.php\/wp-json\/wp\/v2\/comments?post=64912"}],"version-history":[{"count":0,"href":"https:\/\/politicosaldesnudo.com.mx\/index.php\/wp-json\/wp\/v2\/posts\/64912\/revisions"}],"wp:featuredmedia":[{"embeddable":true,"href":"https:\/\/politicosaldesnudo.com.mx\/index.php\/wp-json\/wp\/v2\/media\/64913"}],"wp:attachment":[{"href":"https:\/\/politicosaldesnudo.com.mx\/index.php\/wp-json\/wp\/v2\/media?parent=64912"}],"wp:term":[{"taxonomy":"category","embeddable":true,"href":"https:\/\/politicosaldesnudo.com.mx\/index.php\/wp-json\/wp\/v2\/categories?post=64912"},{"taxonomy":"post_tag","embeddable":true,"href":"https:\/\/politicosaldesnudo.com.mx\/index.php\/wp-json\/wp\/v2\/tags?post=64912"}],"curies":[{"name":"wp","href":"https:\/\/api.w.org\/{rel}","templated":true}]}}