{"id":64918,"date":"2025-06-14T00:14:07","date_gmt":"2025-06-14T06:14:07","guid":{"rendered":"https:\/\/politicosaldesnudo.com.mx\/?p=64918"},"modified":"2025-06-13T20:35:11","modified_gmt":"2025-06-14T02:35:11","slug":"cesan-a-titular-de-migrantes-en-landa-de-matamoros-queretaro-por-acoso","status":"publish","type":"post","link":"https:\/\/politicosaldesnudo.com.mx\/index.php\/2025\/06\/14\/cesan-a-titular-de-migrantes-en-landa-de-matamoros-queretaro-por-acoso\/","title":{"rendered":"Cesan a titular de migrantes en Landa De Matamoros, Quer\u00e9taro, por acoso"},"content":{"rendered":"<p>C\u00e9sar Lugo Trejo fue destituido como Coordinador de Atenci\u00f3n a Migrantes del ayuntamiento de Landa de Matamoros, Quer\u00e9taro, luego de ser detenido tras ser se\u00f1alado de acoso sexual a una mujer, inform\u00f3 el gobierno municipal.<\/p>\n<p>Tambi\u00e9n que se \u00abgir\u00f3 la orden al \u00f3rgano interno de Control Municipal para que inicie el procedimiento administrativo correspondiente conforme a la normatividad aplicable\u00bb, detall\u00f3 el ayuntamiento en un comunicado.<\/p>\n<p>La ficha de detenci\u00f3n de C\u00e9sar Lugo, del Registro Nacional de Detenciones del gobierno federal, detalla que su captura ocurri\u00f3 a las 18.50 horas del 12 de junio en la calle Carretera Federal de la delegaci\u00f3n de La Lagunilla, cerca de una gasolinera del municipio de Landa de Matamoros.<\/p>\n<p>Seg\u00fan la ficha, fue detenido por polic\u00edas estatales de la Secretar\u00eda de Seguridad P\u00fablica de Quer\u00e9taro y remitido a la agencia del Ministerio P\u00fablico de la Fiscal\u00eda General Justicia de esa entidad, en el distrito judicial de Jalpan de Serra.<\/p>\n<p>La detenci\u00f3n se debi\u00f3, seg\u00fan la ficha informativa, a que C\u00e9sar Lugo presuntamente acos\u00f3 sexualmente a una mujer, cuyo marido pidi\u00f3 apoyo a los elementos que realizaban un operativo de vigilancia para prevenci\u00f3n al delito, conformado por polic\u00edas municipales, oficiales de la Secretar\u00eda de Seguridad P\u00fablica estatal y soldados del Ej\u00e9rcito Mexicano, los cuales capturaron y detuvieron al hombre minutos despu\u00e9s.<\/p>\n","protected":false},"excerpt":{"rendered":"<p>C\u00e9sar Lugo Trejo fue destituido como Coordinador de Atenci\u00f3n a Migrantes del ayuntamiento de Landa de Matamoros, Quer\u00e9taro, luego de<\/p>\n","protected":false},"author":4,"featured_media":64919,"comment_status":"closed","ping_status":"closed","sticky":false,"template":"","format":"standard","meta":{"colormag_page_container_layout":"default_layout","colormag_page_sidebar_layout":"default_layout","_jetpack_memberships_contains_paid_content":false,"footnotes":"","jetpack_publicize_message":"","jetpack_publicize_feature_enabled":true,"jetpack_social_post_already_shared":false,"jetpack_social_options":{"image_generator_settings":{"template":"highway","default_image_id":0,"font":"","enabled":false},"version":2}},"categories":[30],"tags":[],"class_list":["post-64918","post","type-post","status-publish","format-standard","has-post-thumbnail","hentry","category-estados"],"jetpack_publicize_connections":[],"jetpack_featured_media_url":"https:\/\/i0.wp.com\/politicosaldesnudo.com.mx\/wp-content\/uploads\/2025\/06\/MI.jpg?fit=621%2C410&ssl=1","jetpack-related-posts":[],"jetpack_sharing_enabled":true,"_links":{"self":[{"href":"https:\/\/politicosaldesnudo.com.mx\/index.php\/wp-json\/wp\/v2\/posts\/64918","targetHints":{"allow":["GET"]}}],"collection":[{"href":"https:\/\/politicosaldesnudo.com.mx\/index.php\/wp-json\/wp\/v2\/posts"}],"about":[{"href":"https:\/\/politicosaldesnudo.com.mx\/index.php\/wp-json\/wp\/v2\/types\/post"}],"author":[{"embeddable":true,"href":"https:\/\/politicosaldesnudo.com.mx\/index.php\/wp-json\/wp\/v2\/users\/4"}],"replies":[{"embeddable":true,"href":"https:\/\/politicosaldesnudo.com.mx\/index.php\/wp-json\/wp\/v2\/comments?post=64918"}],"version-history":[{"count":0,"href":"https:\/\/politicosaldesnudo.com.mx\/index.php\/wp-json\/wp\/v2\/posts\/64918\/revisions"}],"wp:featuredmedia":[{"embeddable":true,"href":"https:\/\/politicosaldesnudo.com.mx\/index.php\/wp-json\/wp\/v2\/media\/64919"}],"wp:attachment":[{"href":"https:\/\/politicosaldesnudo.com.mx\/index.php\/wp-json\/wp\/v2\/media?parent=64918"}],"wp:term":[{"taxonomy":"category","embeddable":true,"href":"https:\/\/politicosaldesnudo.com.mx\/index.php\/wp-json\/wp\/v2\/categories?post=64918"},{"taxonomy":"post_tag","embeddable":true,"href":"https:\/\/politicosaldesnudo.com.mx\/index.php\/wp-json\/wp\/v2\/tags?post=64918"}],"curies":[{"name":"wp","href":"https:\/\/api.w.org\/{rel}","templated":true}]}}