{"id":64921,"date":"2025-06-14T00:15:10","date_gmt":"2025-06-14T06:15:10","guid":{"rendered":"https:\/\/politicosaldesnudo.com.mx\/?p=64921"},"modified":"2025-06-13T20:37:16","modified_gmt":"2025-06-14T02:37:16","slug":"crean-en-sinaloa-la-vicefiscalia-para-proteccion-de-defensores-de-ddhh-y-periodistas","status":"publish","type":"post","link":"https:\/\/politicosaldesnudo.com.mx\/index.php\/2025\/06\/14\/crean-en-sinaloa-la-vicefiscalia-para-proteccion-de-defensores-de-ddhh-y-periodistas\/","title":{"rendered":"Crean en Sinaloa la Vicefiscal\u00eda para protecci\u00f3n de defensores de DDHH y periodistas"},"content":{"rendered":"<p class=\"nota-justify\">Diputados de la 65 legislatura aprobaron la creaci\u00f3n de la Vicefiscal\u00eda Especializada en Derechos Humanos, protecci\u00f3n de personas defensoras de derechos humanos y periodistas.<\/p>\n<p class=\"nota-justify\">El nuevo organismo depender\u00e1 de la Fiscal\u00eda General del Estado (FGE) y tendr\u00e1 una agencia del ministerio p\u00fablico que ser\u00e1 responsable de investigar de manera inmediata y oficiosa toda agresi\u00f3n cometida contra periodistas y activistas, con perspectiva de g\u00e9nero.<\/p>\n<p class=\"nota-justify\">Los legisladores coincidieron que M\u00e9xico se mantiene como uno de los pa\u00edses mas peligrosos para ejercer el periodismo, por lo que externaron que ante la alarmante vulnerabilidad que enfrentan estos grupos, resultaba impostergable que el Estado garantice el acceso a la justicia, as\u00ed como la prevenci\u00f3n de agresiones y la reparaci\u00f3n del da\u00f1o.<\/p>\n<p class=\"nota-justify\">Se justific\u00f3 que la FGE cuenta con una vicefiscal\u00eda de derechos humanos, que no tiene atribuciones espec\u00edficas para atender delitos contra periodistas y activistas sociales, por lo que esta reforma amplia sus funciones, con lo que se evitar\u00e1 crear una estructura completamente nueva, atendiendo a los principios de austeridad republicana.<\/p>\n<p class=\"nota-justify\">Los integrantes de la 65 legislatura expusieron que de esta forma el Congreso de Sinaloa, responde a una exigencia social y legal, largamente postergada, que es la de garantizar las condiciones seguras para el ejercicio para el periodismo y la defensa de los derechos humanos, pilares fundamentales de una sociedad democr\u00e1tica.<\/p>\n<p class=\"nota-justify\">Mar\u00eda Teresa Guerra Ochoa, presidenta de la Junta de coordinaci\u00f3n pol\u00edtica (Jucopo) precis\u00f3 que esta vicefiscal\u00eda contar\u00e1 con una agencia del ministerio p\u00fablico, adem\u00e1s con anterioridad se reasign\u00f3 una partida de 25 millones de pesos para contratar m\u00e1s personal que es para de la nueva funcionalidad del organismo.<\/p>\n<p class=\"nota-justify\">Fueron 38 legisladores que aprobaron el dictamen presentado por las Comisiones Unidas de puntos constitucionales, gobernaci\u00f3n y de justicia, en donde reformaron el art\u00edculo 5 de la Ley para la protecci\u00f3n de personas de derechos humanos y periodistas del Estado y la adici\u00f3n de diversas disposiciones al C\u00f3digo penal del Estado y a la ley org\u00e1nica de la Fiscal\u00eda General de Sinaloa.<\/p>\n","protected":false},"excerpt":{"rendered":"<p>Diputados de la 65 legislatura aprobaron la creaci\u00f3n de la Vicefiscal\u00eda Especializada en Derechos Humanos, protecci\u00f3n de personas defensoras de<\/p>\n","protected":false},"author":4,"featured_media":64922,"comment_status":"closed","ping_status":"closed","sticky":false,"template":"","format":"standard","meta":{"colormag_page_container_layout":"default_layout","colormag_page_sidebar_layout":"default_layout","_jetpack_memberships_contains_paid_content":false,"footnotes":"","jetpack_publicize_message":"","jetpack_publicize_feature_enabled":true,"jetpack_social_post_already_shared":false,"jetpack_social_options":{"image_generator_settings":{"template":"highway","default_image_id":0,"font":"","enabled":false},"version":2}},"categories":[30],"tags":[],"class_list":["post-64921","post","type-post","status-publish","format-standard","has-post-thumbnail","hentry","category-estados"],"jetpack_publicize_connections":[],"jetpack_featured_media_url":"https:\/\/i0.wp.com\/politicosaldesnudo.com.mx\/wp-content\/uploads\/2025\/06\/SIN.jpg?fit=722%2C509&ssl=1","jetpack-related-posts":[],"jetpack_sharing_enabled":true,"_links":{"self":[{"href":"https:\/\/politicosaldesnudo.com.mx\/index.php\/wp-json\/wp\/v2\/posts\/64921","targetHints":{"allow":["GET"]}}],"collection":[{"href":"https:\/\/politicosaldesnudo.com.mx\/index.php\/wp-json\/wp\/v2\/posts"}],"about":[{"href":"https:\/\/politicosaldesnudo.com.mx\/index.php\/wp-json\/wp\/v2\/types\/post"}],"author":[{"embeddable":true,"href":"https:\/\/politicosaldesnudo.com.mx\/index.php\/wp-json\/wp\/v2\/users\/4"}],"replies":[{"embeddable":true,"href":"https:\/\/politicosaldesnudo.com.mx\/index.php\/wp-json\/wp\/v2\/comments?post=64921"}],"version-history":[{"count":0,"href":"https:\/\/politicosaldesnudo.com.mx\/index.php\/wp-json\/wp\/v2\/posts\/64921\/revisions"}],"wp:featuredmedia":[{"embeddable":true,"href":"https:\/\/politicosaldesnudo.com.mx\/index.php\/wp-json\/wp\/v2\/media\/64922"}],"wp:attachment":[{"href":"https:\/\/politicosaldesnudo.com.mx\/index.php\/wp-json\/wp\/v2\/media?parent=64921"}],"wp:term":[{"taxonomy":"category","embeddable":true,"href":"https:\/\/politicosaldesnudo.com.mx\/index.php\/wp-json\/wp\/v2\/categories?post=64921"},{"taxonomy":"post_tag","embeddable":true,"href":"https:\/\/politicosaldesnudo.com.mx\/index.php\/wp-json\/wp\/v2\/tags?post=64921"}],"curies":[{"name":"wp","href":"https:\/\/api.w.org\/{rel}","templated":true}]}}